{"id":15902,"date":"2021-08-30T07:39:50","date_gmt":"2021-08-30T05:39:50","guid":{"rendered":"https:\/\/krakow.piwnespa.com\/szokatlan-latnivalok-krakko-ovarosaban\/"},"modified":"2025-11-04T14:18:12","modified_gmt":"2025-11-04T13:18:12","slug":"szokatlan-latnivalok-krakko-ovarosaban","status":"publish","type":"post","link":"https:\/\/krakow.piwnespa.com\/hu\/szokatlan-latnivalok-krakko-ovarosaban\/","title":{"rendered":"Szokatlan l\u00e1tnival\u00f3k Krakk\u00f3 \u00f3v\u00e1ros\u00e1ban"},"content":{"rendered":"\n<p><strong>Krakk\u00f3 szokatlan l\u00e1tnival\u00f3i minden bizonnyal sokakat meglepnek. Krakk\u00f3 k\u00e9ts\u00e9gtelen\u00fcl var\u00e1zslatos v\u00e1ros, amely kultur\u00e1lis \u00e9s t\u00f6rt\u00e9nelmi szempontb\u00f3l rendk\u00edv\u00fcl fontos. Ma\u0142opolska f\u0151v\u00e1rosa sz\u00e1mos turisztikai l\u00e1tv\u00e1nyoss\u00e1g\u00e1r\u00f3l h\u00edres, de olyan szokatlan l\u00e1tnival\u00f3kr\u00f3l is, amelyeket csak a krakk\u00f3iak ismernek. A v\u00e1ros v\u00e1ltozatos id\u0151t\u00f6lt\u00e9si lehet\u0151s\u00e9geket k\u00edn\u00e1l, mindenki biztosan tal\u00e1l mag\u00e1nak val\u00f3t. Az egyik \u00f6tlet lehet a S\u00f6rf\u00fcrd\u0151 megl\u00e1togat\u00e1sa, ami biztosan jav\u00edtja a k\u00f6z\u00e9rzet\u00fcnket.    <\/strong><\/p>\n\n<div class=\"wp-block-columns is-layout-flex wp-container-core-columns-is-layout-9d6595d7 wp-block-columns-is-layout-flex\">\n<div class=\"wp-block-column is-layout-flow wp-block-column-is-layout-flow\">\n<figure class=\"wp-block-image size-full\"><img loading=\"lazy\" decoding=\"async\" width=\"1024\" height=\"683\" src=\"https:\/\/krakow.piwnespa.com\/wp-content\/uploads\/2025\/10\/26-maja-dzien-matki-1024x683-1.jpg\" alt=\"\" class=\"wp-image-12400\" srcset=\"https:\/\/krakow.piwnespa.com\/wp-content\/uploads\/2025\/10\/26-maja-dzien-matki-1024x683-1.jpg 1024w, https:\/\/krakow.piwnespa.com\/wp-content\/uploads\/2025\/10\/26-maja-dzien-matki-1024x683-1-300x200.jpg 300w, https:\/\/krakow.piwnespa.com\/wp-content\/uploads\/2025\/10\/26-maja-dzien-matki-1024x683-1-768x512.jpg 768w, https:\/\/krakow.piwnespa.com\/wp-content\/uploads\/2025\/10\/26-maja-dzien-matki-1024x683-1-600x400.jpg 600w\" sizes=\"auto, (max-width: 1024px) 100vw, 1024px\" \/><\/figure>\n<\/div>\n\n\n\n<div class=\"wp-block-column is-layout-flow wp-block-column-is-layout-flow\">\n<figure class=\"wp-block-image size-full\"><img loading=\"lazy\" decoding=\"async\" width=\"1024\" height=\"683\" src=\"https:\/\/krakow.piwnespa.com\/wp-content\/uploads\/2025\/10\/basilica-of-saint-mary-on-medieval-main-market-square-in-old-town-on-the-rainy-night-krakow-1024x683-1.jpg\" alt=\"\" class=\"wp-image-12411\" srcset=\"https:\/\/krakow.piwnespa.com\/wp-content\/uploads\/2025\/10\/basilica-of-saint-mary-on-medieval-main-market-square-in-old-town-on-the-rainy-night-krakow-1024x683-1.jpg 1024w, https:\/\/krakow.piwnespa.com\/wp-content\/uploads\/2025\/10\/basilica-of-saint-mary-on-medieval-main-market-square-in-old-town-on-the-rainy-night-krakow-1024x683-1-300x200.jpg 300w, https:\/\/krakow.piwnespa.com\/wp-content\/uploads\/2025\/10\/basilica-of-saint-mary-on-medieval-main-market-square-in-old-town-on-the-rainy-night-krakow-1024x683-1-768x512.jpg 768w, https:\/\/krakow.piwnespa.com\/wp-content\/uploads\/2025\/10\/basilica-of-saint-mary-on-medieval-main-market-square-in-old-town-on-the-rainy-night-krakow-1024x683-1-600x400.jpg 600w\" sizes=\"auto, (max-width: 1024px) 100vw, 1024px\" \/><\/figure>\n<\/div>\n<\/div>\n\n<h2 class=\"wp-block-heading\">Szokatlan l\u00e1tnival\u00f3k Krakk\u00f3ban &#8211; S\u00f6rf\u00fcrd\u0151 a f\u0151t\u00e9ren<\/h2>\n\n<p>Szokatlan l\u00e1tnival\u00f3kat keres Krakk\u00f3ban? Ha az \u00f3v\u00e1rosba megy, s\u00e9t\u00e1ljon v\u00e9gig a n\u00e9pszer\u0171 Florianska utc\u00e1n, amely \u00e9ttermek, \u00fczletek vagy klubok sokas\u00e1g\u00e1val vonzza a l\u00e1togat\u00f3kat. Ezen az utc\u00e1n tal\u00e1lhat\u00f3 a S\u00f6rf\u00fcrd\u0151 is, amely k\u00e9ts\u00e9gtelen\u00fcl eredeti pont Krakk\u00f3 t\u00e9rk\u00e9p\u00e9n. A f\u00fcrd\u0151 az \u00f3v\u00e1ros alagsor\u00e1ban, egy t\u00f6rt\u00e9nelmi \u00e9p\u00fcletben tal\u00e1lhat\u00f3; ide\u00e1lis hely, hogy megpihenjen a ny\u00fczsg\u0151 Piact\u00e9rr\u0151l. A Beernariumban k\u00e9ts\u00e9gtelen\u00fcl elfelejthetj\u00fck egy id\u0151re a mindennapok gondjait, mik\u00f6zben \u00e1tadhatjuk magunkat a nyugodt zene, gyerty\u00e1k \u00e9s kiv\u00e1l\u00f3 italok k\u00f3stol\u00e1sa \u00e1ltal k\u00eds\u00e9rt hangulatnak. A S\u00f6rf\u00fcrd\u0151 t\u00f6bbf\u00e9le t\u00e1pl\u00e1l\u00f3 f\u00fcrd\u0151t k\u00edn\u00e1l. A Beernarium megl\u00e1togat\u00e1sa minden bizonnyal remek \u00f6tlet egy eredeti kikapcsol\u00f3d\u00e1shoz Krakk\u00f3 k\u00f6zpontj\u00e1ban.      <\/p>\n\n<div class=\"wp-block-columns is-layout-flex wp-container-core-columns-is-layout-9d6595d7 wp-block-columns-is-layout-flex\">\n<div class=\"wp-block-column is-layout-flow wp-block-column-is-layout-flow\">\n<figure class=\"wp-block-image size-full\"><img loading=\"lazy\" decoding=\"async\" width=\"1024\" height=\"683\" src=\"https:\/\/krakow.piwnespa.com\/wp-content\/uploads\/2025\/10\/dzien-ojca-w-krakowie-1024x683-1.jpg\" alt=\"\" class=\"wp-image-12422\" srcset=\"https:\/\/krakow.piwnespa.com\/wp-content\/uploads\/2025\/10\/dzien-ojca-w-krakowie-1024x683-1.jpg 1024w, https:\/\/krakow.piwnespa.com\/wp-content\/uploads\/2025\/10\/dzien-ojca-w-krakowie-1024x683-1-300x200.jpg 300w, https:\/\/krakow.piwnespa.com\/wp-content\/uploads\/2025\/10\/dzien-ojca-w-krakowie-1024x683-1-768x512.jpg 768w, https:\/\/krakow.piwnespa.com\/wp-content\/uploads\/2025\/10\/dzien-ojca-w-krakowie-1024x683-1-600x400.jpg 600w\" sizes=\"auto, (max-width: 1024px) 100vw, 1024px\" \/><\/figure>\n<\/div>\n\n\n\n<div class=\"wp-block-column is-layout-flow wp-block-column-is-layout-flow\">\n<figure class=\"wp-block-image size-full\"><img loading=\"lazy\" decoding=\"async\" width=\"1024\" height=\"683\" src=\"https:\/\/krakow.piwnespa.com\/wp-content\/uploads\/2025\/10\/prezent-z-okazji-dnia-ojca-1024x683-1.jpg\" alt=\"\" class=\"wp-image-12433\" srcset=\"https:\/\/krakow.piwnespa.com\/wp-content\/uploads\/2025\/10\/prezent-z-okazji-dnia-ojca-1024x683-1.jpg 1024w, https:\/\/krakow.piwnespa.com\/wp-content\/uploads\/2025\/10\/prezent-z-okazji-dnia-ojca-1024x683-1-300x200.jpg 300w, https:\/\/krakow.piwnespa.com\/wp-content\/uploads\/2025\/10\/prezent-z-okazji-dnia-ojca-1024x683-1-768x512.jpg 768w, https:\/\/krakow.piwnespa.com\/wp-content\/uploads\/2025\/10\/prezent-z-okazji-dnia-ojca-1024x683-1-600x400.jpg 600w\" sizes=\"auto, (max-width: 1024px) 100vw, 1024px\" \/><\/figure>\n<\/div>\n<\/div>\n\n<h2 class=\"wp-block-heading\">Egyedi f\u00fcrd\u0151k a Beer Spa-ban<\/h2>\n\n<p>A krakk\u00f3i Beer Spa egyed\u00fcl\u00e1ll\u00f3 s\u00f6r-, bor- \u00e9s tejf\u00fcrd\u0151t k\u00edn\u00e1l. Ezek pihentet\u0151 \u00e9s regener\u00e1l\u00f3 kezel\u00e9sek, amelyek minden bizonnyal remek\u00fcl ellaz\u00edtanak egy neh\u00e9z nap ut\u00e1n. A Beer Spa f\u00fcrd\u0151k nagyon n\u00e9pszer\u0171ek egy randi, egy bar\u00e1ti tal\u00e1lkoz\u00f3 vagy egy fontos nap, p\u00e9ld\u00e1ul sz\u00fclet\u00e9snap meg\u00fcnnepl\u00e9s\u00e9nek \u00f6tletek\u00e9nt is.  <\/p>\n\n<h2 class=\"wp-block-heading\">S\u00f6r- \u00e9s borf\u00fcrd\u0151k<\/h2>\n\n<p>Ha a krakk\u00f3i f\u0151t\u00e9r k\u00f6zel\u00e9ben j\u00e1r, \u00e9rdemes a Beer Spa s\u00f6r- vagy borf\u00fcrd\u0151be menni. Mindk\u00e9t kezel\u00e9s regener\u00e1l\u00f3 hat\u00e1s\u00fa, k\u00e9slelteti az \u00f6reged\u00e9si folyamatot, jav\u00edtja a v\u00e9rkering\u00e9st \u00e9s csod\u00e1latosan pihentet\u0151. Az alkalomt\u00f3l f\u00fcgg\u0151en v\u00e1laszthatsz egy standard s\u00f6rf\u00fcrd\u0151t, egy borf\u00fcrd\u0151t vagy k\u00e9nyeztetheted testedet egy VIP-v\u00e1ltozat\u00fa f\u00fcrd\u0151vel. A standard f\u00fcrd\u0151k egy s\u00f6r- vagy borf\u00fcrd\u0151b\u0151l, 0,5 liter s\u00f6r\/f\u0151 k\u00f3stol\u00e1s\u00e1b\u00f3l, a borf\u00fcrd\u0151 v\u00e1ltozatban pedig szem\u00e9lyenk\u00e9nt egy poh\u00e1r borb\u00f3l \u00e1llnak. A f\u00fcrd\u0151z\u00e9s ut\u00e1n aj\u00e1nlott pihenni a szalma\u00e1gyon, amely szint\u00e9n a f\u00fcrd\u0151ben tal\u00e1lhat\u00f3. K\u00e9ts\u00e9gtelen, hogy ez hat\u00e9konyan el\u0151seg\u00edti a f\u00fcrd\u0151ben tal\u00e1lhat\u00f3 t\u00e1panyagok felsz\u00edv\u00f3d\u00e1s\u00e1t. A s\u00f6r- vagy borf\u00fcrd\u0151ben val\u00f3 pihen\u00e9sen \u00e9s a szalma\u00e1gyon val\u00f3 relax\u00e1l\u00e1son k\u00edv\u00fcl a VIP-kezel\u00e9s korl\u00e1tlan s\u00f6r- vagy bork\u00f3stol\u00e1st \u00e9s egy infraszauna-sze\u00e1nszot is tartalmaz! A VIP-csomag emellett minden sz\u00fcks\u00e9ges f\u00fcrd\u0151z\u00e9si kell\u00e9ket biztos\u00edt, hogy a f\u00fcrd\u0151z\u00e9s ut\u00e1n r\u00f6gt\u00f6n a f\u0151t\u00e9rre indulhasson felesleges csomagok n\u00e9lk\u00fcl. <\/p>\n\n<div class=\"wp-block-columns is-layout-flex wp-container-core-columns-is-layout-9d6595d7 wp-block-columns-is-layout-flex\">\n<div class=\"wp-block-column is-layout-flow wp-block-column-is-layout-flow\">\n<figure class=\"wp-block-image size-full\"><img loading=\"lazy\" decoding=\"async\" width=\"1024\" height=\"682\" src=\"https:\/\/krakow.piwnespa.com\/wp-content\/uploads\/2025\/10\/atrakcje-krakow-piwna-kapiel-1024x682-1.jpg\" alt=\"\" class=\"wp-image-12466\" srcset=\"https:\/\/krakow.piwnespa.com\/wp-content\/uploads\/2025\/10\/atrakcje-krakow-piwna-kapiel-1024x682-1.jpg 1024w, https:\/\/krakow.piwnespa.com\/wp-content\/uploads\/2025\/10\/atrakcje-krakow-piwna-kapiel-1024x682-1-300x200.jpg 300w, https:\/\/krakow.piwnespa.com\/wp-content\/uploads\/2025\/10\/atrakcje-krakow-piwna-kapiel-1024x682-1-768x512.jpg 768w, https:\/\/krakow.piwnespa.com\/wp-content\/uploads\/2025\/10\/atrakcje-krakow-piwna-kapiel-1024x682-1-600x400.jpg 600w\" sizes=\"auto, (max-width: 1024px) 100vw, 1024px\" \/><\/figure>\n<\/div>\n\n\n\n<div class=\"wp-block-column is-layout-flow wp-block-column-is-layout-flow\">\n<figure class=\"wp-block-image size-full\"><img loading=\"lazy\" decoding=\"async\" width=\"1024\" height=\"682\" src=\"https:\/\/krakow.piwnespa.com\/wp-content\/uploads\/2025\/10\/miejsce-na-randke-w-krakowie-1-1024x682-2.jpg\" alt=\"\" class=\"wp-image-12455\" srcset=\"https:\/\/krakow.piwnespa.com\/wp-content\/uploads\/2025\/10\/miejsce-na-randke-w-krakowie-1-1024x682-2.jpg 1024w, https:\/\/krakow.piwnespa.com\/wp-content\/uploads\/2025\/10\/miejsce-na-randke-w-krakowie-1-1024x682-2-300x200.jpg 300w, https:\/\/krakow.piwnespa.com\/wp-content\/uploads\/2025\/10\/miejsce-na-randke-w-krakowie-1-1024x682-2-768x512.jpg 768w, https:\/\/krakow.piwnespa.com\/wp-content\/uploads\/2025\/10\/miejsce-na-randke-w-krakowie-1-1024x682-2-600x400.jpg 600w\" sizes=\"auto, (max-width: 1024px) 100vw, 1024px\" \/><\/figure>\n<\/div>\n<\/div>\n\n<h2 class=\"wp-block-heading\">Romantikus f\u00fcrd\u0151 &#8211; egy szokatlan randi Krakk\u00f3 sz\u00edv\u00e9ben<\/h2>\n\n<p>A krakk\u00f3i randi egyik szokatlan \u00f6tlete egy romantikus f\u00fcrd\u0151z\u00e9s a Beer Spa-ban. T\u00f6k\u00e9letes kieg\u00e9sz\u00edt\u0151je egy vacsor\u00e1nak vagy egy s\u00e9t\u00e1nak a krakk\u00f3i F\u0151piact\u00e9ren. A romantikus f\u00fcrd\u0151 az infrav\u00f6r\u00f6s szaun\u00e1ban v\u00e9gzett kezel\u00e9ssel kezd\u0151dik, amely ellaz\u00edtja \u00e9s el\u0151k\u00e9sz\u00edti a testet a t\u00e1pl\u00e1l\u00f3 pihen\u00e9sre. A kezel\u00e9s k\u00f6vetkez\u0151 f\u00e1zisa a por\u00edtott kecsketejjel \u00e9s maracujaolajjal k\u00e9sz\u00fclt f\u00fcrd\u0151. A kiv\u00e9teles t\u00e1pl\u00e1l\u00f3 tulajdons\u00e1gai mellett a r\u00f3zsaszirmokkal d\u00edsz\u00edtett tejf\u00fcrd\u0151 gy\u00f6ny\u00f6r\u0171en van bemutatva. Az egyed\u00fcl\u00e1ll\u00f3 kezel\u00e9shez egy k\u00fcl\u00f6nleges k\u00f3stol\u00f3 is tartozik, a p\u00e1r egy \u00fcveg Prosecc\u00f3t \u00e9s csokol\u00e1d\u00e9t kap. A romantikus f\u00fcrd\u0151, ak\u00e1rcsak a VIP f\u00fcrd\u0151, minden sz\u00fcks\u00e9ges f\u00fcrd\u0151kieg\u00e9sz\u00edt\u0151t tartalmaz. Ide\u00e1lis v\u00e1laszt\u00e1s egy rendhagy\u00f3 randev\u00fahoz vagy egy h\u00e1zass\u00e1gi \u00e9vfordul\u00f3 meg\u00fcnnepl\u00e9s\u00e9hez Krakk\u00f3 k\u00f6zpontj\u00e1ban.       <\/p>\n\n<div class=\"wp-block-buttons is-content-justification-center is-layout-flex wp-container-core-buttons-is-layout-16018d1d wp-block-buttons-is-layout-flex\">\n<div class=\"wp-block-button\"><a class=\"wp-block-button__link wp-element-button\" href=\"https:\/\/krakow.piwnespa.com\/oferta\/kapiele\/kapiel-romantyczna\/\">Romantikus f\u00fcrd\u0151<\/a><\/div>\n<\/div>\n\n<div class=\"wp-block-columns is-layout-flex wp-container-core-columns-is-layout-9d6595d7 wp-block-columns-is-layout-flex\">\n<div class=\"wp-block-column is-layout-flow wp-block-column-is-layout-flow\">\n<figure class=\"wp-block-image size-full\"><img loading=\"lazy\" decoding=\"async\" width=\"1024\" height=\"682\" src=\"https:\/\/krakow.piwnespa.com\/wp-content\/uploads\/2025\/10\/gdzie-na-randke-krakow-2-1024x682-1.jpg\" alt=\"\" class=\"wp-image-12477\" srcset=\"https:\/\/krakow.piwnespa.com\/wp-content\/uploads\/2025\/10\/gdzie-na-randke-krakow-2-1024x682-1.jpg 1024w, https:\/\/krakow.piwnespa.com\/wp-content\/uploads\/2025\/10\/gdzie-na-randke-krakow-2-1024x682-1-300x200.jpg 300w, https:\/\/krakow.piwnespa.com\/wp-content\/uploads\/2025\/10\/gdzie-na-randke-krakow-2-1024x682-1-768x512.jpg 768w, https:\/\/krakow.piwnespa.com\/wp-content\/uploads\/2025\/10\/gdzie-na-randke-krakow-2-1024x682-1-600x400.jpg 600w\" sizes=\"auto, (max-width: 1024px) 100vw, 1024px\" \/><\/figure>\n<\/div>\n\n\n\n<div class=\"wp-block-column is-layout-flow wp-block-column-is-layout-flow\">\n<figure class=\"wp-block-image size-full\"><img loading=\"lazy\" decoding=\"async\" width=\"1024\" height=\"683\" src=\"https:\/\/krakow.piwnespa.com\/wp-content\/uploads\/2025\/10\/voucher-spa-krakow-5-1024x683-1.jpg\" alt=\"\" class=\"wp-image-12488\" srcset=\"https:\/\/krakow.piwnespa.com\/wp-content\/uploads\/2025\/10\/voucher-spa-krakow-5-1024x683-1.jpg 1024w, https:\/\/krakow.piwnespa.com\/wp-content\/uploads\/2025\/10\/voucher-spa-krakow-5-1024x683-1-300x200.jpg 300w, https:\/\/krakow.piwnespa.com\/wp-content\/uploads\/2025\/10\/voucher-spa-krakow-5-1024x683-1-768x512.jpg 768w, https:\/\/krakow.piwnespa.com\/wp-content\/uploads\/2025\/10\/voucher-spa-krakow-5-1024x683-1-600x400.jpg 600w\" sizes=\"auto, (max-width: 1024px) 100vw, 1024px\" \/><\/figure>\n<\/div>\n<\/div>\n\n<h2 class=\"wp-block-heading\">Szokatlan l\u00e1tnival\u00f3k Krakk\u00f3 k\u00f6zpontj\u00e1ban<\/h2>\n\n<p>Krakk\u00f3 sz\u00e1mos l\u00e1tnival\u00f3j\u00e1r\u00f3l h\u00edres, k\u00f6zt\u00fck szokatlan l\u00e1tnival\u00f3kr\u00f3l is. Aki szokatlan sz\u00f3rakoz\u00e1si form\u00e1ra v\u00e1gyik, annak aj\u00e1nljuk, hogy balt\u00e1val c\u00e9lba dobjon egy professzion\u00e1lisan el\u0151k\u00e9sz\u00edtett p\u00e1ly\u00e1n, vagy j\u00e1tsszon Paintballt egy akad\u00e1lyp\u00e1ly\u00e1n. Mindk\u00e9t szokatlan attrakci\u00f3 megtal\u00e1lhat\u00f3 a piacon. Azoknak, akik szeretik az izgalmakat \u00e9s az adrenalint, a Floria\u0144ska utc\u00e1ban tal\u00e1lhat\u00f3 House of Fear-t aj\u00e1nljuk. Ez egy horrorfilmeket id\u00e9z\u0151 interakt\u00edv attrakci\u00f3. A Bubble Toast viszont a fot\u00f3z\u00e1s \u00e9s a finom, szokatlan italok rajong\u00f3inak lesz nagyszer\u0171 attrakci\u00f3. Ott eredeti italokat fogsz inni az instagram szob\u00e1kban. Krakk\u00f3 k\u00f6zpontj\u00e1ban tal\u00e1lhat\u00f3 a Virtu\u00e1lis Val\u00f3s\u00e1g Szalon is. Hirtelen a piact\u00e9rr\u0151l egy olyan helyre k\u00f6lt\u00f6zik, ahol minden lehets\u00e9ges. Egy pillanat alatt a j\u00f6v\u0151 vil\u00e1g\u00e1ban vagy az \u00f3ce\u00e1n m\u00e9ly\u00e9n tal\u00e1lod magad.         <\/p>\n","protected":false},"excerpt":{"rendered":"<p>Krakk\u00f3 szokatlan l\u00e1tnival\u00f3i minden bizonnyal sokakat meglepnek. Krakk\u00f3 k\u00e9ts\u00e9gtelen\u00fcl var\u00e1zslatos v\u00e1ros, amely kultur\u00e1lis \u00e9s t\u00f6rt\u00e9nelmi szempontb\u00f3l rendk\u00edv\u00fcl fontos. Ma\u0142opolska f\u0151v\u00e1rosa sz\u00e1mos turisztikai l\u00e1tv\u00e1nyoss\u00e1g\u00e1r\u00f3l h\u00edres, de olyan szokatlan l\u00e1tnival\u00f3kr\u00f3l is, amelyeket csak a krakk\u00f3iak ismernek. A v\u00e1ros v\u00e1ltozatos id\u0151t\u00f6lt\u00e9si lehet\u0151s\u00e9geket k\u00edn\u00e1l, mindenki biztosan tal\u00e1l mag\u00e1nak val\u00f3t. Az egyik \u00f6tlet lehet a S\u00f6rf\u00fcrd\u0151 megl\u00e1togat\u00e1sa, ami biztosan jav\u00edtja [&hellip;]<\/p>\n","protected":false},"author":257,"featured_media":14460,"comment_status":"open","ping_status":"open","sticky":false,"template":"","format":"standard","meta":{"_acf_changed":false,"footnotes":""},"categories":[1],"tags":[],"class_list":["post-15902","post","type-post","status-publish","format-standard","has-post-thumbnail","hentry","category-bez-kategorii"],"acf":[],"_links":{"self":[{"href":"https:\/\/krakow.piwnespa.com\/hu\/wp-json\/wp\/v2\/posts\/15902","targetHints":{"allow":["GET"]}}],"collection":[{"href":"https:\/\/krakow.piwnespa.com\/hu\/wp-json\/wp\/v2\/posts"}],"about":[{"href":"https:\/\/krakow.piwnespa.com\/hu\/wp-json\/wp\/v2\/types\/post"}],"author":[{"embeddable":true,"href":"https:\/\/krakow.piwnespa.com\/hu\/wp-json\/wp\/v2\/users\/257"}],"replies":[{"embeddable":true,"href":"https:\/\/krakow.piwnespa.com\/hu\/wp-json\/wp\/v2\/comments?post=15902"}],"version-history":[{"count":1,"href":"https:\/\/krakow.piwnespa.com\/hu\/wp-json\/wp\/v2\/posts\/15902\/revisions"}],"predecessor-version":[{"id":15904,"href":"https:\/\/krakow.piwnespa.com\/hu\/wp-json\/wp\/v2\/posts\/15902\/revisions\/15904"}],"wp:featuredmedia":[{"embeddable":true,"href":"https:\/\/krakow.piwnespa.com\/hu\/wp-json\/wp\/v2\/media\/14460"}],"wp:attachment":[{"href":"https:\/\/krakow.piwnespa.com\/hu\/wp-json\/wp\/v2\/media?parent=15902"}],"wp:term":[{"taxonomy":"category","embeddable":true,"href":"https:\/\/krakow.piwnespa.com\/hu\/wp-json\/wp\/v2\/categories?post=15902"},{"taxonomy":"post_tag","embeddable":true,"href":"https:\/\/krakow.piwnespa.com\/hu\/wp-json\/wp\/v2\/tags?post=15902"}],"curies":[{"name":"wp","href":"https:\/\/api.w.org\/{rel}","templated":true}]}}