{"id":15862,"date":"2020-10-13T07:02:41","date_gmt":"2020-10-13T05:02:41","guid":{"rendered":"https:\/\/krakow.piwnespa.com\/mit-tegyek-krakkoban-ha-esik-az-eso\/"},"modified":"2025-11-04T14:17:57","modified_gmt":"2025-11-04T13:17:57","slug":"mit-tegyek-krakkoban-ha-esik-az-eso","status":"publish","type":"post","link":"https:\/\/krakow.piwnespa.com\/hu\/mit-tegyek-krakkoban-ha-esik-az-eso\/","title":{"rendered":"Mit tegyek Krakk\u00f3ban, ha esik az es\u0151?"},"content":{"rendered":"\n<div class=\"wp-block-columns is-layout-flex wp-container-core-columns-is-layout-9d6595d7 wp-block-columns-is-layout-flex\">\n<div class=\"wp-block-column is-layout-flow wp-block-column-is-layout-flow\">\n<figure class=\"wp-block-image size-full\"><img loading=\"lazy\" decoding=\"async\" width=\"1024\" height=\"682\" src=\"https:\/\/krakow.piwnespa.com\/wp-content\/uploads\/2025\/10\/pomysl-na-deszczowa-pogode-w-krakowie-1024x682-1.jpg\" alt=\"\" class=\"wp-image-12319\" srcset=\"https:\/\/krakow.piwnespa.com\/wp-content\/uploads\/2025\/10\/pomysl-na-deszczowa-pogode-w-krakowie-1024x682-1.jpg 1024w, https:\/\/krakow.piwnespa.com\/wp-content\/uploads\/2025\/10\/pomysl-na-deszczowa-pogode-w-krakowie-1024x682-1-300x200.jpg 300w, https:\/\/krakow.piwnespa.com\/wp-content\/uploads\/2025\/10\/pomysl-na-deszczowa-pogode-w-krakowie-1024x682-1-768x512.jpg 768w, https:\/\/krakow.piwnespa.com\/wp-content\/uploads\/2025\/10\/pomysl-na-deszczowa-pogode-w-krakowie-1024x682-1-600x400.jpg 600w\" sizes=\"auto, (max-width: 1024px) 100vw, 1024px\" \/><\/figure>\n<\/div>\n\n\n\n<div class=\"wp-block-column is-layout-flow wp-block-column-is-layout-flow\">\n<figure class=\"wp-block-image size-full\"><img loading=\"lazy\" decoding=\"async\" width=\"1024\" height=\"683\" src=\"https:\/\/krakow.piwnespa.com\/wp-content\/uploads\/2025\/10\/krakow-deszcz-atrakcje-1024x683-1.jpg\" alt=\"\" class=\"wp-image-12330\" srcset=\"https:\/\/krakow.piwnespa.com\/wp-content\/uploads\/2025\/10\/krakow-deszcz-atrakcje-1024x683-1.jpg 1024w, https:\/\/krakow.piwnespa.com\/wp-content\/uploads\/2025\/10\/krakow-deszcz-atrakcje-1024x683-1-300x200.jpg 300w, https:\/\/krakow.piwnespa.com\/wp-content\/uploads\/2025\/10\/krakow-deszcz-atrakcje-1024x683-1-768x512.jpg 768w, https:\/\/krakow.piwnespa.com\/wp-content\/uploads\/2025\/10\/krakow-deszcz-atrakcje-1024x683-1-600x400.jpg 600w\" sizes=\"auto, (max-width: 1024px) 100vw, 1024px\" \/><\/figure>\n<\/div>\n<\/div>\n\n<h2 class=\"wp-block-heading\">Fedezze fel Krakk\u00f3t az es\u0151ben<\/h2>\n\n<p>A krakk\u00f3i es\u0151 elrontja a Piact\u00e9ren vagy a Visztula foly\u00f3 ment\u00e9n tett hossz\u00fa s\u00e9t\u00e1k terv\u00e9t, de nyugodt lehet, a napnak nem kell k\u00e1rba vesznie. Krakk\u00f3ban sz\u00e1mos belt\u00e9ri l\u00e1tnival\u00f3 v\u00e1rja, amelyek sok izgalmat tartogatnak. Ez\u00e9rt aj\u00e1nljuk, hogy egy napot az es\u0151ben is t\u00f6lts\u00f6n el:  <\/p>\n\n<ul class=\"wp-block-list\">\n<li><strong>Pihen\u00e9s a Beernarium s\u00f6rf\u00fcrd\u0151ben<\/strong><\/li>\n\n\n\n<li>T\u00fara <a href=\"https:\/\/muzeumkrakowa.pl\/oddzialy\/rynek-podziemny\" target=\"_blank\" rel=\"noopener\">a Piact\u00e9ri F\u00f6ldalatti M\u00fazeumban<\/a><\/li>\n\n\n\n<li>T\u00fara a Wawel Kir\u00e1lyi Kast\u00e9lyban<\/li>\n\n\n\n<li>Filmvet\u00edt\u00e9sek mozikban \u00e9s sz\u00ednh\u00e1zakban<\/li>\n\n\n\n<li>Escape Room sz\u00f3rakoz\u00e1s<\/li>\n\n\n\n<li>Hangulatos \u00e9ttermek \u00e9s k\u00e1v\u00e9z\u00f3k \u00e9lvezete<\/li>\n<\/ul>\n\n<div class=\"wp-block-columns is-layout-flex wp-container-core-columns-is-layout-9d6595d7 wp-block-columns-is-layout-flex\">\n<div class=\"wp-block-column is-layout-flow wp-block-column-is-layout-flow\">\n<figure class=\"wp-block-image size-full\"><img loading=\"lazy\" decoding=\"async\" width=\"1024\" height=\"683\" src=\"https:\/\/krakow.piwnespa.com\/wp-content\/uploads\/2025\/10\/krakow-atrakje-gdy-pada-deszcz-1024x683-1.jpg\" alt=\"\" class=\"wp-image-12341\" srcset=\"https:\/\/krakow.piwnespa.com\/wp-content\/uploads\/2025\/10\/krakow-atrakje-gdy-pada-deszcz-1024x683-1.jpg 1024w, https:\/\/krakow.piwnespa.com\/wp-content\/uploads\/2025\/10\/krakow-atrakje-gdy-pada-deszcz-1024x683-1-300x200.jpg 300w, https:\/\/krakow.piwnespa.com\/wp-content\/uploads\/2025\/10\/krakow-atrakje-gdy-pada-deszcz-1024x683-1-768x512.jpg 768w, https:\/\/krakow.piwnespa.com\/wp-content\/uploads\/2025\/10\/krakow-atrakje-gdy-pada-deszcz-1024x683-1-600x400.jpg 600w\" sizes=\"auto, (max-width: 1024px) 100vw, 1024px\" \/><\/figure>\n<\/div>\n\n\n\n<div class=\"wp-block-column is-layout-flow wp-block-column-is-layout-flow\">\n<figure class=\"wp-block-image size-full\"><img loading=\"lazy\" decoding=\"async\" width=\"1024\" height=\"683\" src=\"https:\/\/krakow.piwnespa.com\/wp-content\/uploads\/2025\/10\/krakow-rozrywki-w-deszczowe-dni-1024x683-1.jpg\" alt=\"\" class=\"wp-image-12352\" srcset=\"https:\/\/krakow.piwnespa.com\/wp-content\/uploads\/2025\/10\/krakow-rozrywki-w-deszczowe-dni-1024x683-1.jpg 1024w, https:\/\/krakow.piwnespa.com\/wp-content\/uploads\/2025\/10\/krakow-rozrywki-w-deszczowe-dni-1024x683-1-300x200.jpg 300w, https:\/\/krakow.piwnespa.com\/wp-content\/uploads\/2025\/10\/krakow-rozrywki-w-deszczowe-dni-1024x683-1-768x512.jpg 768w, https:\/\/krakow.piwnespa.com\/wp-content\/uploads\/2025\/10\/krakow-rozrywki-w-deszczowe-dni-1024x683-1-600x400.jpg 600w\" sizes=\"auto, (max-width: 1024px) 100vw, 1024px\" \/><\/figure>\n<\/div>\n<\/div>\n\n<h2 class=\"wp-block-heading\">S\u00f6rf\u00fcrd\u0151 &#8211; az ide\u00e1lis attrakci\u00f3 Krakk\u00f3ban, ha esik az es\u0151<\/h2>\n\n<p>Ak\u00e1r s\u00fct a nap, ak\u00e1r esik az es\u0151, a krakk\u00f3i Beer Spa kl\u00edm\u00e1ja mindig ide\u00e1lis a pihen\u00e9shez \u00e9s a kikapcsol\u00f3d\u00e1shoz. A Beernarium egy t\u00f6rt\u00e9nelmi \u00e9p\u00fclet alagsor\u00e1ban tal\u00e1lhat\u00f3, \u00edgy csendes, nyugodt \u00e9s hangulatos f\u00e9lhom\u00e1ly uralkodik. A csod\u00e1latos hangulatot relax\u00e1l\u00f3 zene \u00e9s egyedi kezel\u00e9sek eg\u00e9sz\u00edtik ki.  <\/p>\n\n<p>A f\u00fcrd\u0151 eredeti, term\u00e9szetes k\u00e9sz\u00edtm\u00e9nyeken alapul\u00f3 f\u00fcrd\u0151ket k\u00edn\u00e1l:<\/p>\n\n<ul class=\"wp-block-list\">\n<li>T\u00e1pl\u00e1l\u00f3 <strong>s\u00f6rf\u00fcrd\u0151<\/strong> k\u00e9zm\u0171ves s\u00f6r\u00f6k <strong>k\u00f3stol\u00e1s\u00e1val<\/strong> \u00e9s szalm\u00e1n t\u00f6rt\u00e9n\u0151 l\u00e1gerol\u00e1ssal, pihentet\u0151 \u00e9s t\u00e1pl\u00e1l\u00f3 hat\u00e1ssal.<\/li>\n\n\n\n<li>Relax\u00e1l\u00f3 <strong>borf\u00fcrd\u0151<\/strong> egy poh\u00e1r borral, pihen\u00e9ssel egy fiatal\u00edt\u00f3 szalma\u00e1gyon,<\/li>\n\n\n\n<li>T\u00e1pl\u00e1l\u00f3 <strong>VIP f\u00fcrd\u0151 az<\/strong> \u00d6n <strong>\u00e1ltal<\/strong> v\u00e1lasztott s\u00f6r, bor vagy tej korl\u00e1tlan k\u00f3stol\u00e1s\u00e1val \u00e9s forr\u00f3 szaun\u00e1val,<\/li>\n\n\n\n<li><strong>Romantikus tejf\u00fcrd\u0151 r\u00f3zsaszirommal<\/strong>, egy \u00fcveg Prosecc\u00f3val \u00e9s \u00e9dess\u00e9gekkel k\u00fcl\u00f6nleges alkalmakra<\/li>\n\n\n\n<li>\u00c9s kiv\u00e1lasztott k\u00f3stol\u00f3f\u00fcrd\u0151k \u00e9s az eg\u00e9sz f\u00fcrd\u0151 kiz\u00e1r\u00f3lag <strong>szervezett csoportok sz\u00e1m\u00e1ra<\/strong>.<\/li>\n<\/ul>\n\n<div class=\"wp-block-buttons is-content-justification-center is-layout-flex wp-container-core-buttons-is-layout-16018d1d wp-block-buttons-is-layout-flex\">\n<div class=\"wp-block-button\"><a class=\"wp-block-button__link wp-element-button\" href=\"https:\/\/krakow.piwnespa.com\/oferta\/\">Tekintse meg a SPA aj\u00e1nlatot<\/a><\/div>\n<\/div>\n\n<div class=\"wp-block-columns is-layout-flex wp-container-core-columns-is-layout-9d6595d7 wp-block-columns-is-layout-flex\">\n<div class=\"wp-block-column is-layout-flow wp-block-column-is-layout-flow\">\n<h2 class=\"wp-block-heading\">V\u00e9lem\u00e9nyek a S\u00f6rf\u00fcrd\u0151 Krakk\u00f3ban<\/h2>\n\n\n\n<p>&#8220;&#8230;A hely hihetetlen\u00fcl hangulatosnak bizonyult, semmilyen tolakod\u00f3 rekl\u00e1m nem h\u00edvogatott, hogy ereszkedj\u00fcnk le a pincel\u00e9pcs\u0151n egy teljesen k\u00fcl\u00f6n\u00e1ll\u00f3 t\u00e9rbe, ahol nem \u00e9rezz\u00fck az utca ny\u00fczsg\u00e9s\u00e9t, ahol sz\u00f3 szerint halljuk a csendet \u00e9s elmer\u00fclhet\u00fcnk a csod\u00e1latos hangulatban \u00e9s a s\u00f6rs\u00f6rrel teli, ugyancsak csod\u00e1latos k\u00e1dban.  <\/p>\n\n\n\n<p>Egy\u00e9rtelm\u0171en kiemelkedik a csap, ahonnan sz\u00edv\u00fcnk szerint t\u00f6lthet\u00fcnk fel egy igaz\u00e1n j\u00f3 min\u0151s\u00e9g\u0171 s\u00f6rt, mi is kaptunk egy eredeti h\u00e1zi f\u0151zetet. A hab a tort\u00e1n a szalma \u00e9s a p\u00e1rn\u00e1k form\u00e1j\u00e1ban, amelyekre a k\u00e1db\u00f3l val\u00f3 kisz\u00e1ll\u00e1s ut\u00e1n r\u00e1 lehet fek\u00fcdni &#8211; nagyszer\u0171 dolog&#8230;&#8221;. <\/p>\n\n\n\n<p>Klementyna Szerszen<\/p>\n<\/div>\n\n\n\n<div class=\"wp-block-column is-layout-flow wp-block-column-is-layout-flow\">\n<figure class=\"wp-block-image size-full\"><img loading=\"lazy\" decoding=\"async\" width=\"682\" height=\"1024\" src=\"https:\/\/krakow.piwnespa.com\/wp-content\/uploads\/2025\/10\/krakow-deszczowa-pogoda-atrakcje-682x1024-1.jpg\" alt=\"\" class=\"wp-image-12363\" srcset=\"https:\/\/krakow.piwnespa.com\/wp-content\/uploads\/2025\/10\/krakow-deszczowa-pogoda-atrakcje-682x1024-1.jpg 682w, https:\/\/krakow.piwnespa.com\/wp-content\/uploads\/2025\/10\/krakow-deszczowa-pogoda-atrakcje-682x1024-1-200x300.jpg 200w, https:\/\/krakow.piwnespa.com\/wp-content\/uploads\/2025\/10\/krakow-deszczowa-pogoda-atrakcje-682x1024-1-600x901.jpg 600w\" sizes=\"auto, (max-width: 682px) 100vw, 682px\" \/><\/figure>\n<\/div>\n<\/div>\n\n<h2 class=\"wp-block-heading\">A f\u00f6ldalatti piact\u00e9r m\u00fazeuma &#8211; Krakk\u00f3i v\u00e1rosn\u00e9z\u0151 t\u00far\u00e1k rossz id\u0151 eset\u00e9n<\/h2>\n\n<p>Ez Krakk\u00f3 egyik leg\u00fajabb m\u00fazeuma. Meg kell l\u00e1togatnod, k\u00fcl\u00f6n\u00f6sen akkor, amikor odakint k\u00f6pk\u00f6d az es\u0151. <strong>A ki\u00e1ll\u00edt\u00e1s tele van modern technol\u00f3gi\u00e1val, amit a gyerekek \u00e9s a feln\u0151ttek egyar\u00e1nt szeretnek.<\/strong> A f\u0151t\u00e9r alagsor\u00e1ban egy igazi k\u00f6z\u00e9pkori Krakk\u00f3t tal\u00e1lsz, egyedi leletekkel. Idegenvezet\u0151vel utazva megtudhatod, mi\u00e9rt h\u00edvj\u00e1k a krakk\u00f3iakat kentauroknak, mir\u0151l sz\u00f3lt a k\u00f6z\u00e9pkori keresked\u0151jog. A f\u00f6ld alatt a Szent M\u00e1ria-templom tornyait eg\u00e9szen m\u00e1s szemsz\u00f6gb\u0151l l\u00e1thatod majd. Ez a m\u00fazeum sok titkot \u00e9s t\u00f6rt\u00e9nelmet \u0151riz, \u00e9s ami a legfontosabb, az itt tart\u00f3zkod\u00e1s alatt elfelejti az es\u0151s id\u0151j\u00e1r\u00e1st.     <\/p>\n\n<h2 class=\"wp-block-heading\">Wawel kast\u00e9lyt\u00fara &#8211; m\u00e9g es\u0151ben is meg\u00e9ri megn\u00e9zni<\/h2>\n\n<p>Ak\u00e1r egy eg\u00e9sz napot is elt\u00f6lthet a Wawel-kast\u00e9ly felfedez\u00e9s\u00e9vel, k\u00fcl\u00f6n\u00f6sen egy es\u0151s napon. Sz\u00e1mos l\u00e1tnival\u00f3 van itt, amit \u00e9rdemes megn\u00e9zni. C\u00e9lszer\u0171 el\u0151re megtervezni egy t\u00far\u00e1t a leg\u00e9rdekesebb pontokon. A v\u00e1rban megtekinthetj\u00fck a gazdagon d\u00edsz\u00edtett kir\u00e1lyi termeket, a k\u00f6vetek term\u00e9t, a kir\u00e1lyi k\u00e1poln\u00e1t vagy a hatalmas szen\u00e1tori termet. A Wawel-kast\u00e9lyban j\u00e1rva visszamegy\u00fcnk az id\u0151ben, \u00e9s megn\u00e9zz\u00fck, hogyan \u00e9lt val\u00f3j\u00e1ban a kir\u00e1ly. A Wawelben j\u00e1rva \u00e9rdemes megn\u00e9zni a legend\u00e1s s\u00e1rk\u00e1ny barlangj\u00e1t, \u00e9s feljutni a Sandomierz-toronyba, ahonnan \u00fagy tekinthet\u00fcnk Krakk\u00f3ra, mint a v\u00e1r egykori v\u00e9d\u0151i. A k\u00fcls\u0151 \u00e9p\u00fcletek \u00e9s a gy\u00f6ny\u00f6r\u0171en gondozott kertek is gy\u00f6ny\u00f6rk\u00f6dtetik a szemet. M\u00e9g ha esik is az es\u0151, akkor is \u00e9rdemes egy pillanatot sz\u00e1nni arra, hogy s\u00e9t\u00e1ljunk egyet a v\u00e1r udvar\u00e1n.       <\/p>\n\n<h2 class=\"wp-block-heading\">Krakk\u00f3i mozik \u00e9s sz\u00ednh\u00e1zak es\u0151s id\u0151ben<\/h2>\n\n<p>Krakk\u00f3ban tal\u00e1lhat hagyom\u00e1nyos mozikat, amelyek n\u00e9pszer\u0171 vet\u00edt\u00e9seket k\u00edn\u00e1lnak, de olyan st\u00fadi\u00f3mozik is vannak, ahol kiemelked\u0151 filmalkot\u00e1sokat n\u00e9zhet meg. A meghitt Pod Baranami mozi filmklasszikusokat, valamint f\u00fcggetlen \u00e9s avantg\u00e1rd produkci\u00f3kat k\u00edn\u00e1l. Itt nincs pattogatott kukorica illata, de intellektu\u00e1lis \u00e9lm\u00e9nyben lehet r\u00e9szed. Hasonl\u00f3 a hangulat a sz\u00ednh\u00e1zakban is, ahol h\u00edres sz\u00edn\u00e9szeket l\u00e1thatsz a sz\u00ednpadon. Krakk\u00f3ban a Juliusz S\u0142owacki Sz\u00ednh\u00e1z \u00e9s a <strong>v\u00edgj\u00e1t\u00e9ki el\u0151ad\u00e1sokat k\u00e9pvisel\u0151 Bagatela Sz\u00ednh\u00e1z a legn\u00e9pszer\u0171bbek<\/strong>. Ezek var\u00e1zslatos helyek, amelyeket \u00e9rdemes megl\u00e1togatni, nem csak akkor, ha esik az es\u0151.      <\/p>\n\n<h2 class=\"wp-block-heading\">Escape Room &#8211; sz\u00f3rakoz\u00e1s, ha esik az es\u0151<\/h2>\n\n<p>Az Escape Room sz\u00f3rakoz\u00e1s egyre divatosabb\u00e1 v\u00e1lik, nem csak Krakk\u00f3ban. Nagyszer\u0171 sz\u00f3rakoz\u00e1s, mivel m\u00e9g az es\u0151s id\u0151j\u00e1r\u00e1s sem tesz keresztbe neki. A j\u00e1t\u00e9kot 2-5 f\u0151s csoportok sz\u00e1m\u00e1ra tervezt\u00e9k. A c\u00e9l az, hogy kijussanak a bez\u00e1rt szob\u00e1b\u00f3l, miel\u0151tt letelik egy \u00f3ra. A j\u00e1t\u00e9kosoknak okosnak kell lenni\u00fck, logikusan kell gondolkodniuk \u00e9s egy\u00fctt kell m\u0171k\u00f6dni\u00fck, hogy megoldj\u00e1k az \u00f6sszes rejtv\u00e9nyt \u00e9s &#8220;kiszabaduljanak&#8221; a szob\u00e1b\u00f3l. Ez\u00e9rt a j\u00e1t\u00e9koknak k\u00fcl\u00f6nb\u00f6z\u0151 t\u00e9m\u00e1i \u00e9s neh\u00e9zs\u00e9gi szintjei vannak. Mindent egybevetve, nem sz\u00e1m\u00edt, mit v\u00e1lasztasz, \u00fagy fogod \u00e9rezni magad, mintha egy filmet j\u00e1tszan\u00e1l, ahol a cselekm\u00e9ny rajtad m\u00falik.      <\/p>\n\n<h2 class=\"wp-block-heading\">Barokk id\u0151j\u00e1r\u00e1s Krakk\u00f3ban<\/h2>\n\n<p>Amikor esik az es\u0151, a krakk\u00f3i k\u00e1v\u00e9z\u00f3k \u00e9s \u00e9ttermek megtelnek. Nem csoda. Krakk\u00f3ban sok hangulatos \u00e9s eredeti helyet tal\u00e1lunk, ahol ehet\u00fcnk valami finomat, ihatunk k\u00e1v\u00e9t vagy kipr\u00f3b\u00e1lhatunk valami er\u0151sebbet. Ha megfelel\u0151 t\u00e1rsas\u00e1gunk van, ak\u00e1r n\u00e9h\u00e1ny \u00e9tteremben elt\u00f6lt\u00f6tt \u00f3ra is j\u00f3l elt\u00f6lt\u00f6tt id\u0151 lesz.   <\/p>\n","protected":false},"excerpt":{"rendered":"<p>Fedezze fel Krakk\u00f3t az es\u0151ben A krakk\u00f3i es\u0151 elrontja a Piact\u00e9ren vagy a Visztula foly\u00f3 ment\u00e9n tett hossz\u00fa s\u00e9t\u00e1k terv\u00e9t, de nyugodt lehet, a napnak nem kell k\u00e1rba vesznie. Krakk\u00f3ban sz\u00e1mos belt\u00e9ri l\u00e1tnival\u00f3 v\u00e1rja, amelyek sok izgalmat tartogatnak. Ez\u00e9rt aj\u00e1nljuk, hogy egy napot az es\u0151ben is t\u00f6lts\u00f6n el: S\u00f6rf\u00fcrd\u0151 &#8211; az ide\u00e1lis attrakci\u00f3 Krakk\u00f3ban, ha [&hellip;]<\/p>\n","protected":false},"author":257,"featured_media":14981,"comment_status":"open","ping_status":"open","sticky":false,"template":"","format":"standard","meta":{"_acf_changed":false,"footnotes":""},"categories":[1],"tags":[],"class_list":["post-15862","post","type-post","status-publish","format-standard","has-post-thumbnail","hentry","category-bez-kategorii"],"acf":[],"_links":{"self":[{"href":"https:\/\/krakow.piwnespa.com\/hu\/wp-json\/wp\/v2\/posts\/15862","targetHints":{"allow":["GET"]}}],"collection":[{"href":"https:\/\/krakow.piwnespa.com\/hu\/wp-json\/wp\/v2\/posts"}],"about":[{"href":"https:\/\/krakow.piwnespa.com\/hu\/wp-json\/wp\/v2\/types\/post"}],"author":[{"embeddable":true,"href":"https:\/\/krakow.piwnespa.com\/hu\/wp-json\/wp\/v2\/users\/257"}],"replies":[{"embeddable":true,"href":"https:\/\/krakow.piwnespa.com\/hu\/wp-json\/wp\/v2\/comments?post=15862"}],"version-history":[{"count":1,"href":"https:\/\/krakow.piwnespa.com\/hu\/wp-json\/wp\/v2\/posts\/15862\/revisions"}],"predecessor-version":[{"id":15864,"href":"https:\/\/krakow.piwnespa.com\/hu\/wp-json\/wp\/v2\/posts\/15862\/revisions\/15864"}],"wp:featuredmedia":[{"embeddable":true,"href":"https:\/\/krakow.piwnespa.com\/hu\/wp-json\/wp\/v2\/media\/14981"}],"wp:attachment":[{"href":"https:\/\/krakow.piwnespa.com\/hu\/wp-json\/wp\/v2\/media?parent=15862"}],"wp:term":[{"taxonomy":"category","embeddable":true,"href":"https:\/\/krakow.piwnespa.com\/hu\/wp-json\/wp\/v2\/categories?post=15862"},{"taxonomy":"post_tag","embeddable":true,"href":"https:\/\/krakow.piwnespa.com\/hu\/wp-json\/wp\/v2\/tags?post=15862"}],"curies":[{"name":"wp","href":"https:\/\/api.w.org\/{rel}","templated":true}]}}