{"id":15808,"date":"2024-03-14T14:06:36","date_gmt":"2024-03-14T13:06:36","guid":{"rendered":"https:\/\/krakow.piwnespa.com\/husveti-latnivalok-krakkoban\/"},"modified":"2025-11-04T14:17:33","modified_gmt":"2025-11-04T13:17:33","slug":"husveti-latnivalok-krakkoban","status":"publish","type":"post","link":"https:\/\/krakow.piwnespa.com\/hu\/husveti-latnivalok-krakkoban\/","title":{"rendered":"H\u00fasv\u00e9ti l\u00e1tnival\u00f3k Krakk\u00f3ban"},"content":{"rendered":"\n<p><strong>H\u00fasv\u00e9ti l\u00e1tnival\u00f3k Krakk\u00f3ban? A v\u00e1roshoz sz\u00e1mos szok\u00e1s \u00e9s sz\u00f3rakoz\u00e1s kapcsol\u00f3dik. Krakk\u00f3 h\u00fasv\u00e9ti v\u00e1s\u00e1rokat \u00e9s szabadt\u00e9ri \u00fcnneps\u00e9geket szervez, \u00e9s a t\u00f6rt\u00e9nelmi b\u00e9rh\u00e1zakban elrejtett szokatlan l\u00e1tv\u00e1nyoss\u00e1gokat is k\u00edn\u00e1l, mint p\u00e9ld\u00e1ul a S\u00f6rf\u00fcrd\u0151. Itt mindenki sz\u00e1m\u00e1ra van valami.    <\/strong><\/p>\n\n<div class=\"wp-block-columns is-layout-flex wp-container-core-columns-is-layout-9d6595d7 wp-block-columns-is-layout-flex\">\n<div class=\"wp-block-column is-layout-flow wp-block-column-is-layout-flow\">\n<figure class=\"wp-block-image size-full\"><img loading=\"lazy\" decoding=\"async\" width=\"1024\" height=\"683\" src=\"https:\/\/krakow.piwnespa.com\/wp-content\/uploads\/2025\/10\/atrakcje-krakowa-na-swieta-1024x683-1.jpg\" alt=\"\" class=\"wp-image-14263\" srcset=\"https:\/\/krakow.piwnespa.com\/wp-content\/uploads\/2025\/10\/atrakcje-krakowa-na-swieta-1024x683-1.jpg 1024w, https:\/\/krakow.piwnespa.com\/wp-content\/uploads\/2025\/10\/atrakcje-krakowa-na-swieta-1024x683-1-300x200.jpg 300w, https:\/\/krakow.piwnespa.com\/wp-content\/uploads\/2025\/10\/atrakcje-krakowa-na-swieta-1024x683-1-768x512.jpg 768w, https:\/\/krakow.piwnespa.com\/wp-content\/uploads\/2025\/10\/atrakcje-krakowa-na-swieta-1024x683-1-600x400.jpg 600w\" sizes=\"auto, (max-width: 1024px) 100vw, 1024px\" \/><\/figure>\n<\/div>\n\n\n\n<div class=\"wp-block-column is-layout-flow wp-block-column-is-layout-flow\">\n<figure class=\"wp-block-image size-full\"><img loading=\"lazy\" decoding=\"async\" width=\"1024\" height=\"684\" src=\"https:\/\/krakow.piwnespa.com\/wp-content\/uploads\/2025\/10\/krakowski-rynek-w-wielkanoc-1024x684-1.jpg\" alt=\"\" class=\"wp-image-14274\" srcset=\"https:\/\/krakow.piwnespa.com\/wp-content\/uploads\/2025\/10\/krakowski-rynek-w-wielkanoc-1024x684-1.jpg 1024w, https:\/\/krakow.piwnespa.com\/wp-content\/uploads\/2025\/10\/krakowski-rynek-w-wielkanoc-1024x684-1-300x200.jpg 300w, https:\/\/krakow.piwnespa.com\/wp-content\/uploads\/2025\/10\/krakowski-rynek-w-wielkanoc-1024x684-1-768x513.jpg 768w, https:\/\/krakow.piwnespa.com\/wp-content\/uploads\/2025\/10\/krakowski-rynek-w-wielkanoc-1024x684-1-600x401.jpg 600w\" sizes=\"auto, (max-width: 1024px) 100vw, 1024px\" \/><\/figure>\n<\/div>\n<\/div>\n\n<h2 class=\"wp-block-heading\">H\u00fasv\u00e9ti l\u00e1tnival\u00f3k Krakk\u00f3ban &#8211; H\u00fasv\u00e9ti szok\u00e1sok \u00e9s ritu\u00e1l\u00e9k Malopolska f\u0151v\u00e1ros\u00e1ban<\/h2>\n\n<p><strong>Krakk\u00f3 h\u00fasv\u00e9ti hagyom\u00e1nyai gyakran \u00f6szt\u00f6nzik a turist\u00e1kat arra, hogy az \u00fcnnepi id\u0151szakban l\u00e1togassanak el a v\u00e1rosba, amelynek egyed\u00fcl\u00e1ll\u00f3 var\u00e1zsa van.<\/strong> A v\u00e1ros ilyenkor tele van sz\u00ednekkel, amelyeket a tavaszi naps\u00fct\u00e9s tov\u00e1bb f\u0171szerez. B\u00e1r a Krakk\u00f3hoz kapcsol\u00f3d\u00f3 h\u00fasv\u00e9ti szok\u00e1sok lassan kezdenek elt\u0171nni, vagy csak helyenk\u00e9nt fordulnak el\u0151, Krakk\u00f3ba sokan l\u00e1togatnak el a h\u00fasv\u00e9ti id\u0151szakban.  <\/p>\n\n<p>A krakk\u00f3i hagyom\u00e1nyok egyike, amely az \u00f3korig ny\u00falik vissza, a Siuda Baba. Manaps\u00e1g ez a szok\u00e1s csak a Krakk\u00f3 melletti falvakban maradt fenn. H\u00fasv\u00e9t h\u00e9tf\u0151n egy f\u00e9rfi szakadt ruh\u00e1ba \u00f6lt\u00f6zik, mint egy k\u00f3cos \u00e9s taknyos n\u0151. Egy cig\u00e1ny \u00e9s egy krakk\u00f3i csoport k\u00eds\u00e9ret\u00e9ben j\u00e1rja az utc\u00e1kat adom\u00e1nyokat keresve, \u00e9s korommal keni be a tal\u00e1lkoz\u00f3 n\u0151ket.   <\/p>\n\n<p>Krakk\u00f3ban, ak\u00e1rcsak m\u00e1s v\u00e1rosokban, a h\u00fasv\u00e9tot m\u00e9g mindig az \u00e9telek meg\u00e1ld\u00e1sa, a h\u00fasv\u00e9ti toj\u00e1sok fest\u00e9se, a p\u00e1lm\u00e1k templomokba hord\u00e1sa \u00e9s a h\u00fasv\u00e9th\u00e9tf\u0151i v\u00edzzel val\u00f3 locsolkod\u00e1s jelzi.<\/p>\n\n<div class=\"wp-block-columns is-layout-flex wp-container-core-columns-is-layout-9d6595d7 wp-block-columns-is-layout-flex\">\n<div class=\"wp-block-column is-layout-flow wp-block-column-is-layout-flow\">\n<figure class=\"wp-block-image size-full\"><img loading=\"lazy\" decoding=\"async\" width=\"681\" height=\"1024\" src=\"https:\/\/krakow.piwnespa.com\/wp-content\/uploads\/2025\/10\/wielkanoc-w-krakowie-681x1024-1.jpg\" alt=\"\" class=\"wp-image-14285\" srcset=\"https:\/\/krakow.piwnespa.com\/wp-content\/uploads\/2025\/10\/wielkanoc-w-krakowie-681x1024-1.jpg 681w, https:\/\/krakow.piwnespa.com\/wp-content\/uploads\/2025\/10\/wielkanoc-w-krakowie-681x1024-1-200x300.jpg 200w, https:\/\/krakow.piwnespa.com\/wp-content\/uploads\/2025\/10\/wielkanoc-w-krakowie-681x1024-1-600x902.jpg 600w\" sizes=\"auto, (max-width: 681px) 100vw, 681px\" \/><\/figure>\n<\/div>\n\n\n\n<div class=\"wp-block-column is-layout-flow wp-block-column-is-layout-flow\">\n<figure class=\"wp-block-image size-full\"><img loading=\"lazy\" decoding=\"async\" width=\"682\" height=\"1024\" src=\"https:\/\/krakow.piwnespa.com\/wp-content\/uploads\/2025\/10\/wielkanocna-palemka-682x1024-1.jpg\" alt=\"\" class=\"wp-image-14296\" srcset=\"https:\/\/krakow.piwnespa.com\/wp-content\/uploads\/2025\/10\/wielkanocna-palemka-682x1024-1.jpg 682w, https:\/\/krakow.piwnespa.com\/wp-content\/uploads\/2025\/10\/wielkanocna-palemka-682x1024-1-200x300.jpg 200w, https:\/\/krakow.piwnespa.com\/wp-content\/uploads\/2025\/10\/wielkanocna-palemka-682x1024-1-600x901.jpg 600w\" sizes=\"auto, (max-width: 682px) 100vw, 682px\" \/><\/figure>\n<\/div>\n<\/div>\n\n<h2 class=\"wp-block-heading\">H\u00fasv\u00e9ti l\u00e1tnival\u00f3k Krakk\u00f3ban &#8211; H\u00fasv\u00e9ti piacok<\/h2>\n\n<p><strong>Az egyik legn\u00e9pszer\u0171bb h\u00fasv\u00e9ti szok\u00e1s Krakk\u00f3ban az Emmausz \u00e9s a R\u0119kawka.<\/strong> Ez a r\u00e9g\u00f3ta ismert mulats\u00e1g, ahol k\u00fcl\u00f6nf\u00e9le \u00e9dess\u00e9geket, k\u00e9zm\u0171ves term\u00e9keket vagy j\u00e1t\u00e9kokat lehet v\u00e1s\u00e1rolni, m\u00e9g mindig t\u00f6megesen vonzza a krakk\u00f3iakat \u00e9s a turist\u00e1kat. <\/p>\n\n<p>Az Emmauszra h\u00fasv\u00e9t h\u00e9tf\u0151n ker\u00fcl sor a Salvatore-ban. Ez a nap r\u00e9gen spiritu\u00e1lis keretek k\u00f6z\u00f6tt zajlott, de ma m\u00e1r fesztiv\u00e1l, ahol megismerkedhetsz a r\u00e9gi hagyom\u00e1nyokkal, vagy elk\u00e9sz\u00edtheted a saj\u00e1t Emmausz-f\u00e1dat. <\/p>\n\n<p>Krakk\u00f3 m\u00e1sik \u00fcnnepi l\u00e1tv\u00e1nyoss\u00e1ga az \u00fagynevezett R\u0119kawka, amelyet h\u00fasv\u00e9th\u00e9tf\u0151 ut\u00e1ni kedden tartanak. Ez a fesztiv\u00e1l a Krakk\u00f3-dombon tal\u00e1lhat\u00f3. Eredetileg a fesztiv\u00e1l a tavaszi Dziady (\u0150saty\u00e1k est\u00e9je) szl\u00e1v hagyom\u00e1ny\u00e1ra utalt, de manaps\u00e1g a R\u0119kawka sz\u00e1mos m\u0171v\u00e9szeti el\u0151ad\u00e1ssal, versennyel, valamint j\u00e1t\u00e9kb\u00f3d\u00e9kkal \u00e9s k\u00fcl\u00f6nb\u00f6z\u0151 kis \u00e9tel- \u00e9s ital\u00e1rus\u00edt\u00f3helyekkel tark\u00edtott \u00fcnneps\u00e9g.   <\/p>\n\n<div class=\"wp-block-columns is-layout-flex wp-container-core-columns-is-layout-9d6595d7 wp-block-columns-is-layout-flex\">\n<div class=\"wp-block-column is-layout-flow wp-block-column-is-layout-flow\">\n<figure class=\"wp-block-image size-full\"><img loading=\"lazy\" decoding=\"async\" width=\"1024\" height=\"682\" src=\"https:\/\/krakow.piwnespa.com\/wp-content\/uploads\/2025\/10\/wielkanocne-atrakcje-w-krakowie-1024x682-1.jpg\" alt=\"\" class=\"wp-image-14307\" srcset=\"https:\/\/krakow.piwnespa.com\/wp-content\/uploads\/2025\/10\/wielkanocne-atrakcje-w-krakowie-1024x682-1.jpg 1024w, https:\/\/krakow.piwnespa.com\/wp-content\/uploads\/2025\/10\/wielkanocne-atrakcje-w-krakowie-1024x682-1-300x200.jpg 300w, https:\/\/krakow.piwnespa.com\/wp-content\/uploads\/2025\/10\/wielkanocne-atrakcje-w-krakowie-1024x682-1-768x512.jpg 768w, https:\/\/krakow.piwnespa.com\/wp-content\/uploads\/2025\/10\/wielkanocne-atrakcje-w-krakowie-1024x682-1-600x400.jpg 600w\" sizes=\"auto, (max-width: 1024px) 100vw, 1024px\" \/><\/figure>\n<\/div>\n\n\n\n<div class=\"wp-block-column is-layout-flow wp-block-column-is-layout-flow\">\n<figure class=\"wp-block-image size-full\"><img loading=\"lazy\" decoding=\"async\" width=\"1024\" height=\"683\" src=\"https:\/\/krakow.piwnespa.com\/wp-content\/uploads\/2025\/10\/wielkanocne-pisanki-1024x683-1.jpg\" alt=\"\" class=\"wp-image-14318\" srcset=\"https:\/\/krakow.piwnespa.com\/wp-content\/uploads\/2025\/10\/wielkanocne-pisanki-1024x683-1.jpg 1024w, https:\/\/krakow.piwnespa.com\/wp-content\/uploads\/2025\/10\/wielkanocne-pisanki-1024x683-1-300x200.jpg 300w, https:\/\/krakow.piwnespa.com\/wp-content\/uploads\/2025\/10\/wielkanocne-pisanki-1024x683-1-768x512.jpg 768w, https:\/\/krakow.piwnespa.com\/wp-content\/uploads\/2025\/10\/wielkanocne-pisanki-1024x683-1-600x400.jpg 600w\" sizes=\"auto, (max-width: 1024px) 100vw, 1024px\" \/><\/figure>\n<\/div>\n<\/div>\n\n<h2 class=\"wp-block-heading\">\u00d6tletek a h\u00fasv\u00e9ti sz\u00fcnetre a v\u00e1rosban<\/h2>\n\n<p>A templomi szertart\u00e1sok, a hagyom\u00e1nyos szok\u00e1sok \u00e9s a sz\u00ednes piacok mellett a h\u00fasv\u00e9ti Krakk\u00f3 az \u00fcnnepi hossz\u00fa h\u00e9tv\u00e9ge elt\u00f6lt\u00e9s\u00e9re n\u00e9h\u00e1ny nyugodtabb lehet\u0151s\u00e9get is k\u00edn\u00e1l. <strong>\u00c9rdekes \u00f6tletek kisebb h\u00fasv\u00e9ti kir\u00e1ndul\u00e1sokhoz:<\/strong><\/p>\n\n<ul class=\"wp-block-list\">\n<li><strong>L\u00e1togat\u00e1s a botanikus kertben \u00e9s<\/strong> az els\u0151 tavaszi vir\u00e1gok megcsod\u00e1l\u00e1sa. A krakk\u00f3i botanikus kert a legr\u00e9gebbi a maga nem\u00e9ben Lengyelorsz\u00e1gban! <\/li>\n\n\n\n<li>A v\u00e1roson bel\u00fcl <strong>tal\u00e1lhat\u00f3 \u00e1llatkert<\/strong> nagyon j\u00f3l karbantartott, kiss\u00e9 intim, \u00e9s mindenk\u00e9ppen \u00e9rdemes az eg\u00e9sz csal\u00e1ddal val\u00f3 l\u00e1togat\u00e1sra aj\u00e1nlani.<\/li>\n\n\n\n<li><strong>A krakk\u00f3i Kazimierz, amely<\/strong> egy rendk\u00edv\u00fcl hangulatos v\u00e1rosr\u00e9sz, t\u00f6k\u00e9letes a hossz\u00fa s\u00e9t\u00e1khoz. Az ikonikus okr\u0105glak k\u00fcl\u00f6nf\u00e9le rakott \u00e9teleket k\u00edn\u00e1l. <\/li>\n\n\n\n<li><strong>A Visztulai sug\u00e1r\u00fat<\/strong> mindenk\u00e9ppen egy olyan helysz\u00edn, <strong>amelyet<\/strong> a h\u00fasv\u00e9ti id\u0151szakban \u00e9rdemes felkeresni. A Visztula k\u00f6rny\u00e9ke vir\u00e1gba borult, ezernyi sz\u00ednes vir\u00e1ggal, pezsg\u0151 \u00e9let \u00e9s gy\u00f6ny\u00f6r\u0171 kil\u00e1t\u00e1s veszi k\u00f6r\u00fcl. <\/li>\n\n\n\n<li><strong>A F\u0151 piact\u00e9r<\/strong> egy\u00e9rtelm\u0171en Krakk\u00f3 egyik f\u0151 l\u00e1tv\u00e1nyoss\u00e1ga. A h\u00fasv\u00e9ti szezonban itt tartj\u00e1k a piacot, \u00e9s sz\u00e1mos hangulatos \u00e9tterem, k\u00e1v\u00e9z\u00f3 \u00e9s szokatlan hely tal\u00e1lhat\u00f3 itt, amelyeket \u00e9rdemes megn\u00e9zni, mint p\u00e9ld\u00e1ul a Beernarium &#8211; S\u00f6rf\u00fcrd\u0151. <\/li>\n<\/ul>\n\n<div class=\"wp-block-columns is-layout-flex wp-container-core-columns-is-layout-9d6595d7 wp-block-columns-is-layout-flex\">\n<div class=\"wp-block-column is-layout-flow wp-block-column-is-layout-flow\">\n<figure class=\"wp-block-image size-full\"><img loading=\"lazy\" decoding=\"async\" width=\"1024\" height=\"683\" src=\"https:\/\/krakow.piwnespa.com\/wp-content\/uploads\/2025\/10\/piwne-spa-na-wielkanoc-1024x683-1.jpg\" alt=\"\" class=\"wp-image-14329\" srcset=\"https:\/\/krakow.piwnespa.com\/wp-content\/uploads\/2025\/10\/piwne-spa-na-wielkanoc-1024x683-1.jpg 1024w, https:\/\/krakow.piwnespa.com\/wp-content\/uploads\/2025\/10\/piwne-spa-na-wielkanoc-1024x683-1-300x200.jpg 300w, https:\/\/krakow.piwnespa.com\/wp-content\/uploads\/2025\/10\/piwne-spa-na-wielkanoc-1024x683-1-768x512.jpg 768w, https:\/\/krakow.piwnespa.com\/wp-content\/uploads\/2025\/10\/piwne-spa-na-wielkanoc-1024x683-1-600x400.jpg 600w\" sizes=\"auto, (max-width: 1024px) 100vw, 1024px\" \/><\/figure>\n<\/div>\n\n\n\n<div class=\"wp-block-column is-layout-flow wp-block-column-is-layout-flow\">\n<figure class=\"wp-block-image size-full\"><img loading=\"lazy\" decoding=\"async\" width=\"1024\" height=\"683\" src=\"https:\/\/krakow.piwnespa.com\/wp-content\/uploads\/2025\/10\/piwne-spa-z-rodzina-1024x683-1.jpg\" alt=\"\" class=\"wp-image-14340\" srcset=\"https:\/\/krakow.piwnespa.com\/wp-content\/uploads\/2025\/10\/piwne-spa-z-rodzina-1024x683-1.jpg 1024w, https:\/\/krakow.piwnespa.com\/wp-content\/uploads\/2025\/10\/piwne-spa-z-rodzina-1024x683-1-300x200.jpg 300w, https:\/\/krakow.piwnespa.com\/wp-content\/uploads\/2025\/10\/piwne-spa-z-rodzina-1024x683-1-768x512.jpg 768w, https:\/\/krakow.piwnespa.com\/wp-content\/uploads\/2025\/10\/piwne-spa-z-rodzina-1024x683-1-600x400.jpg 600w\" sizes=\"auto, (max-width: 1024px) 100vw, 1024px\" \/><\/figure>\n<\/div>\n<\/div>\n\n<h2 class=\"wp-block-heading\">Krakk\u00f3i s\u00f6rf\u00fcrd\u0151 h\u00fasv\u00e9th\u00e9tf\u0151re<\/h2>\n\n<p><strong>A Floria\u0144ska utca 13. sz\u00e1m alatt, k\u00f6zvetlen\u00fcl a f\u0151t\u00e9r mellett tal\u00e1lhat\u00f3 egy egyed\u00fcl\u00e1ll\u00f3 gy\u00f3gyf\u00fcrd\u0151.<\/strong> Ez egy olyan hely, ahol s\u00f6rben, borban \u00e9s tejben lehet f\u00fcrdeni. A l\u00e9tes\u00edtm\u00e9ny egy t\u00f6rt\u00e9nelmi \u00e9p\u00fclet pinc\u00e9j\u00e9ben tal\u00e1lhat\u00f3. Ez lehet\u0151v\u00e9 teszi az igazi kikapcsol\u00f3d\u00e1st nyugodt \u00e9s hangulatos l\u00e9gk\u00f6rben, gyertyaf\u00e9nyn\u00e9l. A S\u00f6rf\u00fcrd\u0151ben val\u00f3 tart\u00f3zkod\u00e1s ide\u00e1lis p\u00e1rok, de csoportok sz\u00e1m\u00e1ra is. \u00cdgy sikeresen tervezhet ott tart\u00f3zkod\u00e1st csal\u00e1dj\u00e1val vagy bar\u00e1taival. A Beer Spa felejthetetlen pillanatokat ny\u00fajt gy\u00f6ny\u00f6r\u0171 bels\u0151 terekben. A f\u00fcrd\u0151kben nyugodtan \u00e9rezheti mag\u00e1t, \u00e9s csak a szerettei t\u00e1rsas\u00e1g\u00e1t \u00e9lvezheti. <strong>A f\u00fcrd\u0151 t\u00f6bbf\u00e9le f\u00fcrd\u0151csomagot k\u00edn\u00e1l, v\u00e1laszthat egy standard s\u00f6r- vagy borf\u00fcrd\u0151t, de v\u00e1laszthat egy VIP f\u00fcrd\u0151t is, amelyet egy szauna sze\u00e1nsz el\u0151z meg. A romantikus f\u00fcrd\u0151 viszont kecsketej alap\u00fa \u00e9s r\u00f3zsaszirmokkal d\u00edsz\u00edtett. Mindegyik f\u00fcrd\u0151h\u00f6z szalma\u00e1gyon val\u00f3 pihen\u00e9s \u00e9s szeszesital-k\u00f3stol\u00e1s t\u00e1rsul, a v\u00e1lasztott csomagt\u00f3l f\u00fcgg\u0151en s\u00f6r-, bor- vagy prosecco-k\u00f3stol\u00e1ssal.<\/strong> Ezen k\u00edv\u00fcl a Beer Spa-ban eredeti s\u00f6rkozmetikumokat is v\u00e1s\u00e1rolhat, amelyek p\u00e9ld\u00e1ul h\u00fasv\u00e9ti aj\u00e1nd\u00e9knak is \u00e9rdekes \u00f6tletet jelentenek.        <\/p>\n\n<p>Foglaljon most, a helyek sz\u00e1ma korl\u00e1tozott!<\/p>\n\n<div class=\"wp-block-buttons is-content-justification-center is-layout-flex wp-container-core-buttons-is-layout-16018d1d wp-block-buttons-is-layout-flex\">\n<div class=\"wp-block-button\"><a class=\"wp-block-button__link wp-element-button\" href=\"https:\/\/krakow.piwnespa.com\/zarezerwuj-teraz\">Foglaljon most<\/a><\/div>\n<\/div>\n","protected":false},"excerpt":{"rendered":"<p>H\u00fasv\u00e9ti l\u00e1tnival\u00f3k Krakk\u00f3ban? A v\u00e1roshoz sz\u00e1mos szok\u00e1s \u00e9s sz\u00f3rakoz\u00e1s kapcsol\u00f3dik. Krakk\u00f3 h\u00fasv\u00e9ti v\u00e1s\u00e1rokat \u00e9s szabadt\u00e9ri \u00fcnneps\u00e9geket szervez, \u00e9s a t\u00f6rt\u00e9nelmi b\u00e9rh\u00e1zakban elrejtett szokatlan l\u00e1tv\u00e1nyoss\u00e1gokat is k\u00edn\u00e1l, mint p\u00e9ld\u00e1ul a S\u00f6rf\u00fcrd\u0151. Itt mindenki sz\u00e1m\u00e1ra van valami. H\u00fasv\u00e9ti l\u00e1tnival\u00f3k Krakk\u00f3ban &#8211; H\u00fasv\u00e9ti szok\u00e1sok \u00e9s ritu\u00e1l\u00e9k Malopolska f\u0151v\u00e1ros\u00e1ban Krakk\u00f3 h\u00fasv\u00e9ti hagyom\u00e1nyai gyakran \u00f6szt\u00f6nzik a turist\u00e1kat arra, hogy az [&hellip;]<\/p>\n","protected":false},"author":257,"featured_media":14280,"comment_status":"open","ping_status":"open","sticky":false,"template":"","format":"standard","meta":{"_acf_changed":false,"footnotes":""},"categories":[1],"tags":[],"class_list":["post-15808","post","type-post","status-publish","format-standard","has-post-thumbnail","hentry","category-bez-kategorii"],"acf":[],"_links":{"self":[{"href":"https:\/\/krakow.piwnespa.com\/hu\/wp-json\/wp\/v2\/posts\/15808","targetHints":{"allow":["GET"]}}],"collection":[{"href":"https:\/\/krakow.piwnespa.com\/hu\/wp-json\/wp\/v2\/posts"}],"about":[{"href":"https:\/\/krakow.piwnespa.com\/hu\/wp-json\/wp\/v2\/types\/post"}],"author":[{"embeddable":true,"href":"https:\/\/krakow.piwnespa.com\/hu\/wp-json\/wp\/v2\/users\/257"}],"replies":[{"embeddable":true,"href":"https:\/\/krakow.piwnespa.com\/hu\/wp-json\/wp\/v2\/comments?post=15808"}],"version-history":[{"count":1,"href":"https:\/\/krakow.piwnespa.com\/hu\/wp-json\/wp\/v2\/posts\/15808\/revisions"}],"predecessor-version":[{"id":15810,"href":"https:\/\/krakow.piwnespa.com\/hu\/wp-json\/wp\/v2\/posts\/15808\/revisions\/15810"}],"wp:featuredmedia":[{"embeddable":true,"href":"https:\/\/krakow.piwnespa.com\/hu\/wp-json\/wp\/v2\/media\/14280"}],"wp:attachment":[{"href":"https:\/\/krakow.piwnespa.com\/hu\/wp-json\/wp\/v2\/media?parent=15808"}],"wp:term":[{"taxonomy":"category","embeddable":true,"href":"https:\/\/krakow.piwnespa.com\/hu\/wp-json\/wp\/v2\/categories?post=15808"},{"taxonomy":"post_tag","embeddable":true,"href":"https:\/\/krakow.piwnespa.com\/hu\/wp-json\/wp\/v2\/tags?post=15808"}],"curies":[{"name":"wp","href":"https:\/\/api.w.org\/{rel}","templated":true}]}}