{"id":15669,"date":"2023-11-17T11:50:27","date_gmt":"2023-11-17T10:50:27","guid":{"rendered":"https:\/\/krakow.piwnespa.com\/mit-tegyek-krakkoban-telen-vagy-nepszeru-es-kevesbe-ismert-krakkoi-latnivalok-a-teli-napokon\/"},"modified":"2025-11-04T14:16:34","modified_gmt":"2025-11-04T13:16:34","slug":"mit-tegyek-krakkoban-telen-vagy-nepszeru-es-kevesbe-ismert-krakkoi-latnivalok-a-teli-napokon","status":"publish","type":"post","link":"https:\/\/krakow.piwnespa.com\/hu\/mit-tegyek-krakkoban-telen-vagy-nepszeru-es-kevesbe-ismert-krakkoi-latnivalok-a-teli-napokon\/","title":{"rendered":"Mit tegyek Krakk\u00f3ban t\u00e9len? Vagy n\u00e9pszer\u0171 \u00e9s kev\u00e9sb\u00e9 ismert krakk\u00f3i l\u00e1tnival\u00f3k a t\u00e9li napokon"},"content":{"rendered":"\n<p><a href=\"http:\/\/https\/\/miastoarchipelag.pl\/najpiekniejsze-miejsca-polski\/jpsm\/10-top-powodow-dla-ktorych-warto-odwiedzic-krakow-zima.html\">Krakk\u00f3 t\u00e9len is rengeteg l\u00e1tnival\u00f3t k\u00edn\u00e1l.<\/a> Kedvtel\u00e9seit\u0151l f\u00fcgg\u0151en tervezhet egy nagyon akt\u00edv napot, vagy egy nyugodt, pihen\u00e9ssel teli id\u0151t\u00f6lt\u00e9st. Krakk\u00f3 k\u00e9ts\u00e9gtelen\u00fcl nagyon hangulatos v\u00e1ros, ez\u00e9rt \u00e9rdemes t\u00e9li napokon is megismerni var\u00e1zs\u00e1t.  <\/p>\n\n<div class=\"wp-block-columns is-layout-flex wp-container-core-columns-is-layout-9d6595d7 wp-block-columns-is-layout-flex\">\n<div class=\"wp-block-column is-layout-flow wp-block-column-is-layout-flow\">\n<figure class=\"wp-block-image size-full\"><img loading=\"lazy\" decoding=\"async\" width=\"1024\" height=\"639\" src=\"https:\/\/krakow.piwnespa.com\/wp-content\/uploads\/2025\/10\/lodowiska-w-centrum-krakowa-1024x639-1.jpg\" alt=\"\" class=\"wp-image-13716\" srcset=\"https:\/\/krakow.piwnespa.com\/wp-content\/uploads\/2025\/10\/lodowiska-w-centrum-krakowa-1024x639-1.jpg 1024w, https:\/\/krakow.piwnespa.com\/wp-content\/uploads\/2025\/10\/lodowiska-w-centrum-krakowa-1024x639-1-300x187.jpg 300w, https:\/\/krakow.piwnespa.com\/wp-content\/uploads\/2025\/10\/lodowiska-w-centrum-krakowa-1024x639-1-768x479.jpg 768w, https:\/\/krakow.piwnespa.com\/wp-content\/uploads\/2025\/10\/lodowiska-w-centrum-krakowa-1024x639-1-600x374.jpg 600w\" sizes=\"auto, (max-width: 1024px) 100vw, 1024px\" \/><\/figure>\n<\/div>\n\n\n\n<div class=\"wp-block-column is-layout-flow wp-block-column-is-layout-flow\">\n<figure class=\"wp-block-image size-full\"><img loading=\"lazy\" decoding=\"async\" width=\"1024\" height=\"638\" src=\"https:\/\/krakow.piwnespa.com\/wp-content\/uploads\/2025\/10\/kino-studyjne-w-krakowie-1024x638-1.jpg\" alt=\"\" class=\"wp-image-13727\" srcset=\"https:\/\/krakow.piwnespa.com\/wp-content\/uploads\/2025\/10\/kino-studyjne-w-krakowie-1024x638-1.jpg 1024w, https:\/\/krakow.piwnespa.com\/wp-content\/uploads\/2025\/10\/kino-studyjne-w-krakowie-1024x638-1-300x187.jpg 300w, https:\/\/krakow.piwnespa.com\/wp-content\/uploads\/2025\/10\/kino-studyjne-w-krakowie-1024x638-1-768x479.jpg 768w, https:\/\/krakow.piwnespa.com\/wp-content\/uploads\/2025\/10\/kino-studyjne-w-krakowie-1024x638-1-600x374.jpg 600w\" sizes=\"auto, (max-width: 1024px) 100vw, 1024px\" \/><\/figure>\n<\/div>\n<\/div>\n\n<h2 class=\"wp-block-heading\">Krakk\u00f3 t\u00e9len &#8211; mit tegy\u00fcnk napk\u00f6zben \u00e9s este?<\/h2>\n\n<p>Krakk\u00f3ban biztosan nem lehet unatkozni. Krakk\u00f3 t\u00e9len sz\u00e1mos l\u00e1tnival\u00f3t k\u00edn\u00e1l: <\/p>\n\n<ul class=\"wp-block-list\">\n<li><strong>K\u00e1v\u00e9z\u00f3k &#8211; <\/strong>Krakk\u00f3ban sz\u00e1mtalan k\u00e1v\u00e9z\u00f3 \u00e9s \u00e9tterem tal\u00e1lhat\u00f3, amelyek a vil\u00e1g minden t\u00e1j\u00e1r\u00f3l a legjobb \u00e9teleket k\u00edn\u00e1lj\u00e1k, \u00e9s kiv\u00e1l\u00f3 hangulatot biztos\u00edtanak b\u00e1rmilyen t\u00e1rsas\u00e1gi \u00f6sszej\u00f6vetelhez.<\/li>\n\n\n\n<li><strong>M\u00fazeumok &#8211; <\/strong>a kult\u00fara \u00e9s a m\u0171v\u00e9szet rajong\u00f3i sz\u00e1m\u00e1ra a m\u00fazeumok remek v\u00e1laszt\u00e1snak bizonyulnak. N\u00e9melyik\u00fck id\u0151szaki ki\u00e1ll\u00edt\u00e1sokat k\u00edn\u00e1l, \u00edgy ha n\u00e9h\u00e1ny h\u00f3napja m\u00e1r j\u00e1rtunk is egy adott m\u00fazeumban, most biztosan megn\u00e9zhet\u00fcnk egy \u00faj ki\u00e1ll\u00edt\u00e1st. <\/li>\n\n\n\n<li><strong>St\u00fadi\u00f3mozik &#8211; <\/strong>Egy m\u00e1sik \u00e9rdekes lehet\u0151s\u00e9g a kis, nem kereskedelmi mozik, ahol rendez\u0151i v\u00e1g\u00e1s\u00fa filmeket \u00e9s olyan vet\u00edt\u00e9seket l\u00e1that, amelyeket a l\u00e1ncok mozijaiban nem vet\u00edtenek. N\u00e9ha a filmeket csak 2 f\u0151 r\u00e9sz\u00e9re vet\u00edtik, gyakran egy szokatlan c\u00edmt\u0151l vagy egy n\u00e9pszer\u0171tlen \u00f3r\u00e1t\u00f3l f\u00fcgg\u0151en. Egy priv\u00e1t filmvet\u00edt\u00e9s minden bizonnyal hihetetlen l\u00e1tv\u00e1nyoss\u00e1g!  <\/li>\n\n\n\n<li><strong>Korcsoly\u00e1z\u00e1s &#8211; <\/strong>egy m\u00e1sik javaslat a t\u00e9li krakk\u00f3i t\u00e9li sportokra. A v\u00e1ros sz\u00e1mos j\u00e9gp\u00e1ly\u00e1t k\u00edn\u00e1l. A krakk\u00f3i B\u0142onia Park mellett tal\u00e1lhat\u00f3 Jordan Parkban tal\u00e1lhat\u00f3 Lengyelorsz\u00e1g legnagyobb j\u00e9gp\u00e1ly\u00e1ja. H\u00e1rom z\u00f3n\u00e1ra van osztva: egy nagy j\u00e9gfel\u00fcletre, egy gyermekeknek sz\u00e1nt fel\u00fcletre \u00e9s egy j\u00e9gp\u00e1ly\u00e1ra. A korcsoly\u00e1z\u00e1s az egyik legn\u00e9pszer\u0171bb t\u00e9li tev\u00e9kenys\u00e9g.    <\/li>\n\n\n\n<li><strong>Aquapark &#8211; <\/strong>Ha azonban ink\u00e1bb a ny\u00e1ri l\u00e1tv\u00e1nyoss\u00e1gokat kedveli, \u00e9rdemes megfontolni egy l\u00e1togat\u00e1st a krakk\u00f3i Aquaparkban. A v\u00edzi tev\u00e9kenys\u00e9gek mellett ott m\u00e1sz\u00f3falakat \u00e9s szaun\u00e1riumot is \u00e9lvezhet. <\/li>\n\n\n\n<li><strong>Beer Spa &#8211;<\/strong> A t\u00f6k\u00e9letes hely egy akt\u00edv nap ut\u00e1ni laza est\u00e9khez. A Beer Spa egy szokatlan, relax\u00e1ci\u00f3val teli hely, ahol a s\u00f6r j\u00f3t\u00e9kony tulajdons\u00e1gait haszn\u00e1lj\u00e1k ki&#8230;.. <\/li>\n<\/ul>\n\n<div class=\"wp-block-columns is-layout-flex wp-container-core-columns-is-layout-9d6595d7 wp-block-columns-is-layout-flex\">\n<div class=\"wp-block-column is-layout-flow wp-block-column-is-layout-flow\">\n<figure class=\"wp-block-image size-full\"><img loading=\"lazy\" decoding=\"async\" width=\"1024\" height=\"683\" src=\"https:\/\/krakow.piwnespa.com\/wp-content\/uploads\/2025\/10\/zimowe-atrakcje-krakow-spa-1024x683-1.jpg\" alt=\"\" class=\"wp-image-13738\" srcset=\"https:\/\/krakow.piwnespa.com\/wp-content\/uploads\/2025\/10\/zimowe-atrakcje-krakow-spa-1024x683-1.jpg 1024w, https:\/\/krakow.piwnespa.com\/wp-content\/uploads\/2025\/10\/zimowe-atrakcje-krakow-spa-1024x683-1-300x200.jpg 300w, https:\/\/krakow.piwnespa.com\/wp-content\/uploads\/2025\/10\/zimowe-atrakcje-krakow-spa-1024x683-1-768x512.jpg 768w, https:\/\/krakow.piwnespa.com\/wp-content\/uploads\/2025\/10\/zimowe-atrakcje-krakow-spa-1024x683-1-600x400.jpg 600w\" sizes=\"auto, (max-width: 1024px) 100vw, 1024px\" \/><\/figure>\n<\/div>\n\n\n\n<div class=\"wp-block-column is-layout-flow wp-block-column-is-layout-flow\">\n<figure class=\"wp-block-image size-full\"><img loading=\"lazy\" decoding=\"async\" width=\"1024\" height=\"683\" src=\"https:\/\/krakow.piwnespa.com\/wp-content\/uploads\/2025\/10\/piwne-spa-zima-krakow-1024x683-1.jpg\" alt=\"\" class=\"wp-image-13749\" srcset=\"https:\/\/krakow.piwnespa.com\/wp-content\/uploads\/2025\/10\/piwne-spa-zima-krakow-1024x683-1.jpg 1024w, https:\/\/krakow.piwnespa.com\/wp-content\/uploads\/2025\/10\/piwne-spa-zima-krakow-1024x683-1-300x200.jpg 300w, https:\/\/krakow.piwnespa.com\/wp-content\/uploads\/2025\/10\/piwne-spa-zima-krakow-1024x683-1-768x512.jpg 768w, https:\/\/krakow.piwnespa.com\/wp-content\/uploads\/2025\/10\/piwne-spa-zima-krakow-1024x683-1-600x400.jpg 600w\" sizes=\"auto, (max-width: 1024px) 100vw, 1024px\" \/><\/figure>\n<\/div>\n<\/div>\n\n<h2 class=\"wp-block-heading\">Beernarium Beer Spa &#8211; ide\u00e1lis hely a t\u00e9li pihen\u00e9sre Krakk\u00f3ban<\/h2>\n\n<p><strong>Krakk\u00f3 egyik leghangulatosabb t\u00e9li l\u00e1tv\u00e1nyoss\u00e1ga minden bizonnyal a Beer Spa-ban val\u00f3 tart\u00f3zkod\u00e1s.<\/strong> M\u00e1r maga a t\u00e9ny, hogy a f\u00fcrd\u0151 az \u00f3v\u00e1ros alagsor\u00e1ban, egy t\u00f6rt\u00e9nelmi \u00e9p\u00fcletben tal\u00e1lhat\u00f3, k\u00fcl\u00f6nlegess\u00e9 teszi a vend\u00e9geket. A krakk\u00f3i Beer Spa hat\u00e1rozottan k\u00fcl\u00f6nb\u00f6zik a t\u00f6bbi ilyen t\u00edpus\u00fa szalont\u00f3l. A hely rendk\u00edv\u00fcl intim \u00e9s hangulatos. A pihentet\u0151 kezel\u00e9seket gyerty\u00e1k, nyugodt zene \u00e9s finom italok k\u00f3stol\u00e1sa k\u00eds\u00e9ri.    <\/p>\n\n<div class=\"wp-block-buttons is-content-justification-center is-layout-flex wp-container-core-buttons-is-layout-16018d1d wp-block-buttons-is-layout-flex\">\n<div class=\"wp-block-button\"><a class=\"wp-block-button__link wp-element-button\" href=\"https:\/\/krakow.piwnespa.com\/oferta\/kapiele\/\">Ellen\u0151rizze az aj\u00e1nlatot<\/a><\/div>\n<\/div>\n\n<div class=\"wp-block-columns is-layout-flex wp-container-core-columns-is-layout-9d6595d7 wp-block-columns-is-layout-flex\">\n<div class=\"wp-block-column is-layout-flow wp-block-column-is-layout-flow\">\n<figure class=\"wp-block-image size-full\"><img loading=\"lazy\" decoding=\"async\" width=\"1024\" height=\"683\" src=\"https:\/\/krakow.piwnespa.com\/wp-content\/uploads\/2025\/10\/piwne-spa-krakow-zima-1024x683-1.jpg\" alt=\"\" class=\"wp-image-13760\" srcset=\"https:\/\/krakow.piwnespa.com\/wp-content\/uploads\/2025\/10\/piwne-spa-krakow-zima-1024x683-1.jpg 1024w, https:\/\/krakow.piwnespa.com\/wp-content\/uploads\/2025\/10\/piwne-spa-krakow-zima-1024x683-1-300x200.jpg 300w, https:\/\/krakow.piwnespa.com\/wp-content\/uploads\/2025\/10\/piwne-spa-krakow-zima-1024x683-1-768x512.jpg 768w, https:\/\/krakow.piwnespa.com\/wp-content\/uploads\/2025\/10\/piwne-spa-krakow-zima-1024x683-1-600x400.jpg 600w\" sizes=\"auto, (max-width: 1024px) 100vw, 1024px\" \/><\/figure>\n<\/div>\n\n\n\n<div class=\"wp-block-column is-layout-flow wp-block-column-is-layout-flow\">\n<figure class=\"wp-block-image size-full\"><img loading=\"lazy\" decoding=\"async\" width=\"1024\" height=\"683\" src=\"https:\/\/krakow.piwnespa.com\/wp-content\/uploads\/2025\/10\/co-robic-w-krakowie-zima-1024x683-1.jpg\" alt=\"\" class=\"wp-image-13771\" srcset=\"https:\/\/krakow.piwnespa.com\/wp-content\/uploads\/2025\/10\/co-robic-w-krakowie-zima-1024x683-1.jpg 1024w, https:\/\/krakow.piwnespa.com\/wp-content\/uploads\/2025\/10\/co-robic-w-krakowie-zima-1024x683-1-300x200.jpg 300w, https:\/\/krakow.piwnespa.com\/wp-content\/uploads\/2025\/10\/co-robic-w-krakowie-zima-1024x683-1-768x512.jpg 768w, https:\/\/krakow.piwnespa.com\/wp-content\/uploads\/2025\/10\/co-robic-w-krakowie-zima-1024x683-1-600x400.jpg 600w\" sizes=\"auto, (max-width: 1024px) 100vw, 1024px\" \/><\/figure>\n<\/div>\n<\/div>\n\n<h2 class=\"wp-block-heading\">Meleg\u00edt\u0151 f\u00fcrd\u0151k k\u00f3stol\u00e1ssal \u00e9s pihen\u00e9ssel a szalm\u00e1n<\/h2>\n\n<p>Az egyik legkellemesebb t\u00e9li tev\u00e9kenys\u00e9g a felmeleged\u00e9s \u00e9s a boldog pihen\u00e9s egy hideg nap ut\u00e1n. Ehhez ide\u00e1lis hely a S\u00f6rf\u00fcrd\u0151. A l\u00e9tes\u00edtm\u00e9ny k\u00fcl\u00f6nf\u00e9le forr\u00f3 relax\u00e1ci\u00f3s f\u00fcrd\u0151kkel v\u00e1rja a vend\u00e9geket. Hangulatt\u00f3l vagy alkalomt\u00f3l f\u00fcgg\u0151en v\u00e1laszthat s\u00f6r-, bor- vagy tejf\u00fcrd\u0151t. <strong>A f\u00fcrd\u0151k ellaz\u00edtj\u00e1k a testet \u00e9s az elm\u00e9t, hidrat\u00e1lj\u00e1k \u00e9s t\u00e1pl\u00e1lj\u00e1k a b\u0151rt, valamint sz\u00e1mos vitaminnal l\u00e1tj\u00e1k el.<\/strong> R\u00e1ad\u00e1sul a kezel\u00e9s sor\u00e1n a v\u00e1lasztott ital &#8211; s\u00f6r, bor vagy pezsg\u0151 &#8211; k\u00f3stol\u00e1s\u00e1ra is sor ker\u00fcl. A f\u00fcrd\u0151 ut\u00e1n pedig idilli pihen\u00e9st k\u00edn\u00e1l a szalma\u00e1gyon. Ez egy k\u00fcl\u00f6nleges elj\u00e1r\u00e1s, amely a m\u00e9ly ellazul\u00e1s \u00e9s laz\u00edt\u00e1s \u00e9rz\u00e9s\u00e9t adja.      <\/p>\n\n<h2 class=\"wp-block-heading\">T\u00e9li \u00e9s romantikus l\u00e1tnival\u00f3 p\u00e1roknak Krakk\u00f3 k\u00f6zpontj\u00e1ban<\/h2>\n\n<p>A krakk\u00f3i Beer Spa-t leggyakrabban p\u00e1rok veszik ig\u00e9nybe. Egy randev\u00fara f\u00fcrd\u0151helyet foglalni szinte mindennapos dolog. A f\u00fcrd\u0151 k\u00edn\u00e1lja a szok\u00e1sos S\u00f6r- \u00e9s Borf\u00fcrd\u0151t, de egyedi VIP csomagokat \u00e9s Romantikus f\u00fcrd\u0151t is. <strong>Ez ut\u00f3bbi egy kecsketejjel, golgotavir\u00e1golajjal \u00e9s r\u00f3zsaszirmokkal k\u00e9sz\u00fclt f\u00fcrd\u0151, amelyet prosecco k\u00f3stol\u00e1ssal \u00e9s finom csokol\u00e1d\u00e9val kombin\u00e1lnak.<\/strong> Ez ide\u00e1lis k\u00fcl\u00f6nleges alkalmakra, p\u00e9ld\u00e1ul <a href=\"https:\/\/krakow.piwnespa.com\/romantyczne-miejsca-w-krakowie-na-zareczyny\/\">eljegyz\u00e9sekre vagy<\/a> <a href=\"https:\/\/krakow.piwnespa.com\/rocznica-slubu-w-krakowie\/\">h\u00e1zass\u00e1gi \u00e9vfordul\u00f3kra.<\/a>   <\/p>\n\n<div class=\"wp-block-buttons is-content-justification-center is-layout-flex wp-container-core-buttons-is-layout-16018d1d wp-block-buttons-is-layout-flex\">\n<div class=\"wp-block-button\"><a class=\"wp-block-button__link wp-element-button\" href=\"https:\/\/krakow.piwnespa.com\/oferta\/kapiele\/kapiel-romantyczna\/\">Foglaljon egy romantikus f\u00fcrd\u0151t<\/a><\/div>\n<\/div>\n\n<div class=\"wp-block-columns is-layout-flex wp-container-core-columns-is-layout-9d6595d7 wp-block-columns-is-layout-flex\">\n<div class=\"wp-block-column is-layout-flow wp-block-column-is-layout-flow\">\n<figure class=\"wp-block-image size-full\"><img loading=\"lazy\" decoding=\"async\" width=\"704\" height=\"1024\" src=\"https:\/\/krakow.piwnespa.com\/wp-content\/uploads\/2025\/10\/zima-w-piwym-spa-w-krakowie-704x1024-1.jpg\" alt=\"\" class=\"wp-image-13782\" srcset=\"https:\/\/krakow.piwnespa.com\/wp-content\/uploads\/2025\/10\/zima-w-piwym-spa-w-krakowie-704x1024-1.jpg 704w, https:\/\/krakow.piwnespa.com\/wp-content\/uploads\/2025\/10\/zima-w-piwym-spa-w-krakowie-704x1024-1-206x300.jpg 206w, https:\/\/krakow.piwnespa.com\/wp-content\/uploads\/2025\/10\/zima-w-piwym-spa-w-krakowie-704x1024-1-600x873.jpg 600w\" sizes=\"auto, (max-width: 704px) 100vw, 704px\" \/><\/figure>\n<\/div>\n\n\n\n<div class=\"wp-block-column is-layout-flow wp-block-column-is-layout-flow\">\n<figure class=\"wp-block-image size-full\"><img loading=\"lazy\" decoding=\"async\" width=\"703\" height=\"1024\" src=\"https:\/\/krakow.piwnespa.com\/wp-content\/uploads\/2025\/10\/zimowy-relaks-z-przyjaciolmi-w-piwnym-spa-703x1024-1.jpg\" alt=\"\" class=\"wp-image-13793\" srcset=\"https:\/\/krakow.piwnespa.com\/wp-content\/uploads\/2025\/10\/zimowy-relaks-z-przyjaciolmi-w-piwnym-spa-703x1024-1.jpg 703w, https:\/\/krakow.piwnespa.com\/wp-content\/uploads\/2025\/10\/zimowy-relaks-z-przyjaciolmi-w-piwnym-spa-703x1024-1-206x300.jpg 206w, https:\/\/krakow.piwnespa.com\/wp-content\/uploads\/2025\/10\/zimowy-relaks-z-przyjaciolmi-w-piwnym-spa-703x1024-1-600x874.jpg 600w\" sizes=\"auto, (max-width: 703px) 100vw, 703px\" \/><\/figure>\n<\/div>\n<\/div>\n\n<h2 class=\"wp-block-heading\">Eredeti \u00f6tlet a t\u00e9li est\u00e9k bar\u00e1ti t\u00e1rsas\u00e1gban val\u00f3 elt\u00f6lt\u00e9s\u00e9hez<\/h2>\n\n<p>Ha nem tudod, mit csin\u00e1lj t\u00e9len Krakk\u00f3ban egy bar\u00e1ti t\u00e1rsas\u00e1ggal &#8211; a Beer Spa gondoskodik r\u00f3lad. Itt ak\u00e1r 16 f\u0151 r\u00e9sz\u00e9re is szervezhet exkluz\u00edv csoportos rendezv\u00e9nyt. A Spa-ban val\u00f3 tart\u00f3zkod\u00e1s remek \u00f6tlet a bar\u00e1tokkal val\u00f3 id\u0151t\u00f6lt\u00e9shez, a pihen\u00e9s \u00e9s a sz\u00f3rakoz\u00e1s kombin\u00e1l\u00e1s\u00e1val egy kors\u00f3 finom kraft s\u00f6r vagy kiv\u00e1l\u00f3 v\u00f6r\u00f6sbor mellett. Nagyszer\u0171 hely arra is, hogy meghitt sz\u00fclet\u00e9snapi partit szervezzen, vagy m\u00e1s alkalmat \u00fcnnepeljen szeretteivel.   <\/p>\n\n<p>Foglalja le f\u00fcrd\u0151j\u00e9t most, a rendelkez\u00e9sre \u00e1ll\u00f3 id\u0151pontok sz\u00e1ma korl\u00e1tozott.<\/p>\n\n<div class=\"wp-block-buttons is-content-justification-center is-layout-flex wp-container-core-buttons-is-layout-16018d1d wp-block-buttons-is-layout-flex\">\n<div class=\"wp-block-button\"><a class=\"wp-block-button__link wp-element-button\" href=\"https:\/\/krakow.piwnespa.com\/dla-grup\">Ellen\u0151rizze a csoportoknak sz\u00f3l\u00f3 aj\u00e1nlatot<\/a><\/div>\n<\/div>\n","protected":false},"excerpt":{"rendered":"<p>Krakk\u00f3 t\u00e9len is rengeteg l\u00e1tnival\u00f3t k\u00edn\u00e1l. Kedvtel\u00e9seit\u0151l f\u00fcgg\u0151en tervezhet egy nagyon akt\u00edv napot, vagy egy nyugodt, pihen\u00e9ssel teli id\u0151t\u00f6lt\u00e9st. Krakk\u00f3 k\u00e9ts\u00e9gtelen\u00fcl nagyon hangulatos v\u00e1ros, ez\u00e9rt \u00e9rdemes t\u00e9li napokon is megismerni var\u00e1zs\u00e1t. Krakk\u00f3 t\u00e9len &#8211; mit tegy\u00fcnk napk\u00f6zben \u00e9s este? Krakk\u00f3ban biztosan nem lehet unatkozni. Krakk\u00f3 t\u00e9len sz\u00e1mos l\u00e1tnival\u00f3t k\u00edn\u00e1l: Beernarium Beer Spa &#8211; ide\u00e1lis hely [&hellip;]<\/p>\n","protected":false},"author":257,"featured_media":13722,"comment_status":"open","ping_status":"open","sticky":false,"template":"","format":"standard","meta":{"_acf_changed":false,"footnotes":""},"categories":[1],"tags":[],"class_list":["post-15669","post","type-post","status-publish","format-standard","has-post-thumbnail","hentry","category-bez-kategorii"],"acf":[],"_links":{"self":[{"href":"https:\/\/krakow.piwnespa.com\/hu\/wp-json\/wp\/v2\/posts\/15669","targetHints":{"allow":["GET"]}}],"collection":[{"href":"https:\/\/krakow.piwnespa.com\/hu\/wp-json\/wp\/v2\/posts"}],"about":[{"href":"https:\/\/krakow.piwnespa.com\/hu\/wp-json\/wp\/v2\/types\/post"}],"author":[{"embeddable":true,"href":"https:\/\/krakow.piwnespa.com\/hu\/wp-json\/wp\/v2\/users\/257"}],"replies":[{"embeddable":true,"href":"https:\/\/krakow.piwnespa.com\/hu\/wp-json\/wp\/v2\/comments?post=15669"}],"version-history":[{"count":1,"href":"https:\/\/krakow.piwnespa.com\/hu\/wp-json\/wp\/v2\/posts\/15669\/revisions"}],"predecessor-version":[{"id":15670,"href":"https:\/\/krakow.piwnespa.com\/hu\/wp-json\/wp\/v2\/posts\/15669\/revisions\/15670"}],"wp:featuredmedia":[{"embeddable":true,"href":"https:\/\/krakow.piwnespa.com\/hu\/wp-json\/wp\/v2\/media\/13722"}],"wp:attachment":[{"href":"https:\/\/krakow.piwnespa.com\/hu\/wp-json\/wp\/v2\/media?parent=15669"}],"wp:term":[{"taxonomy":"category","embeddable":true,"href":"https:\/\/krakow.piwnespa.com\/hu\/wp-json\/wp\/v2\/categories?post=15669"},{"taxonomy":"post_tag","embeddable":true,"href":"https:\/\/krakow.piwnespa.com\/hu\/wp-json\/wp\/v2\/tags?post=15669"}],"curies":[{"name":"wp","href":"https:\/\/api.w.org\/{rel}","templated":true}]}}