{"id":15649,"date":"2023-10-06T11:44:28","date_gmt":"2023-10-06T09:44:28","guid":{"rendered":"https:\/\/krakow.piwnespa.com\/eskuvoi-evfordulo-krakkoban\/"},"modified":"2025-11-04T14:16:25","modified_gmt":"2025-11-04T13:16:25","slug":"eskuvoi-evfordulo-krakkoban","status":"publish","type":"post","link":"https:\/\/krakow.piwnespa.com\/hu\/eskuvoi-evfordulo-krakkoban\/","title":{"rendered":"Esk\u00fcv\u0151i \u00e9vfordul\u00f3 Krakk\u00f3ban"},"content":{"rendered":"\n<p><strong>Els\u0151, tizedik vagy huszadik, nem sz\u00e1m\u00edt, melyik, minden h\u00e1zass\u00e1gi \u00e9vfordul\u00f3 meg\u00e9rdemel egy kis \u00fcnnepl\u00e9st. K\u00edv\u00e1ncsi, hov\u00e1 vigye feles\u00e9g\u00e9t\/f\u00e9rj\u00e9t a h\u00e1zass\u00e1gi \u00e9vfordul\u00f3ra Krakk\u00f3ban? Eredeti \u00f6tlet a h\u00e1zass\u00e1gi \u00e9vfordul\u00f3 elt\u00f6lt\u00e9s\u00e9re egy l\u00e1togat\u00e1s a krakk\u00f3i Beer Spa-ban. Ez egy var\u00e1zslatos hely. Itt igaz\u00e1n ellazulhat \u00e9s finom italokat ihat.    <\/strong><\/p>\n\n<div class=\"wp-block-columns is-layout-flex wp-container-core-columns-is-layout-9d6595d7 wp-block-columns-is-layout-flex\">\n<div class=\"wp-block-column is-layout-flow wp-block-column-is-layout-flow\">\n<figure class=\"wp-block-image size-full\"><img loading=\"lazy\" decoding=\"async\" width=\"1024\" height=\"682\" src=\"https:\/\/krakow.piwnespa.com\/wp-content\/uploads\/2025\/10\/rocznica-slubu-krakow-2-1024x682-1.jpg\" alt=\"\" class=\"wp-image-13648\" srcset=\"https:\/\/krakow.piwnespa.com\/wp-content\/uploads\/2025\/10\/rocznica-slubu-krakow-2-1024x682-1.jpg 1024w, https:\/\/krakow.piwnespa.com\/wp-content\/uploads\/2025\/10\/rocznica-slubu-krakow-2-1024x682-1-300x200.jpg 300w, https:\/\/krakow.piwnespa.com\/wp-content\/uploads\/2025\/10\/rocznica-slubu-krakow-2-1024x682-1-768x512.jpg 768w, https:\/\/krakow.piwnespa.com\/wp-content\/uploads\/2025\/10\/rocznica-slubu-krakow-2-1024x682-1-600x400.jpg 600w\" sizes=\"auto, (max-width: 1024px) 100vw, 1024px\" \/><\/figure>\n<\/div>\n\n\n\n<div class=\"wp-block-column is-layout-flow wp-block-column-is-layout-flow\">\n<figure class=\"wp-block-image size-full\"><img loading=\"lazy\" decoding=\"async\" width=\"1024\" height=\"683\" src=\"https:\/\/krakow.piwnespa.com\/wp-content\/uploads\/2025\/10\/rocznica-slubu-krakow-1-1-1024x683-1.jpg\" alt=\"\" class=\"wp-image-13659\" srcset=\"https:\/\/krakow.piwnespa.com\/wp-content\/uploads\/2025\/10\/rocznica-slubu-krakow-1-1-1024x683-1.jpg 1024w, https:\/\/krakow.piwnespa.com\/wp-content\/uploads\/2025\/10\/rocznica-slubu-krakow-1-1-1024x683-1-300x200.jpg 300w, https:\/\/krakow.piwnespa.com\/wp-content\/uploads\/2025\/10\/rocznica-slubu-krakow-1-1-1024x683-1-768x512.jpg 768w, https:\/\/krakow.piwnespa.com\/wp-content\/uploads\/2025\/10\/rocznica-slubu-krakow-1-1-1024x683-1-600x400.jpg 600w\" sizes=\"auto, (max-width: 1024px) 100vw, 1024px\" \/><\/figure>\n<\/div>\n<\/div>\n\n<h2 class=\"wp-block-heading\">H\u00e1zass\u00e1gi \u00e9vfordul\u00f3 a krakk\u00f3i Beer Spa-ban<\/h2>\n\n<p>A krakk\u00f3i Beernarium Beer Spa szokatlan hely, mivel a v\u00e1ros k\u00f6zpontj\u00e1ban tal\u00e1lhat\u00f3, nem messze a F\u0151 t\u00e9rt\u0151l. Ennek ellen\u00e9re a v\u00e1ros ny\u00fczsg\u00e9se nem \u00e9ri el a f\u00fcrd\u0151t. A Beernarium egy <a href=\"https:\/\/pl.wikipedia.org\/wiki\/Pa%C5%82ac_Kmit%C3%B3w_w_Krakowie\" target=\"_blank\" rel=\"noopener\">14. sz\u00e1zadi \u00e9p\u00fclet pinc\u00e9j\u00e9ben tal\u00e1lhat\u00f3 ,<\/a> ami hozz\u00e1j\u00e1rul a hely egyedi var\u00e1zs\u00e1hoz. <strong>A nyugodt, hangulatos l\u00e9gk\u00f6r ide\u00e1lis az olyan fontos alkalmak meg\u00fcnnepl\u00e9s\u00e9re, mint p\u00e9ld\u00e1ul egy h\u00e1zass\u00e1gi \u00e9vfordul\u00f3.<\/strong>  <\/p>\n\n<p>A krakk\u00f3i Beer Spa-ban a kezel\u00e9seket kiz\u00e1r\u00f3lag a p\u00e1r sz\u00e1m\u00e1ra fenntartott intim f\u00fcrd\u0151kben v\u00e9gzik, mivel ez az intimit\u00e1s \u00e9rzet\u00e9t kelti, \u00e9s fokozza a boldog relax\u00e1ci\u00f3t. A spa k\u00edn\u00e1lata egyed\u00fcl\u00e1ll\u00f3. Csak itt \u00e9lvezheti a pihentet\u0151 \u00e9s t\u00e1pl\u00e1l\u00f3 kezel\u00e9seket finom italok k\u00f3stol\u00e1s\u00e1val kombin\u00e1lva. Ez\u00e9rt a Beernariumban tett l\u00e1togat\u00e1s nagyszer\u0171 aj\u00e1nd\u00e9k minden h\u00e1zass\u00e1gi \u00e9vfordul\u00f3ra. A Beerarium Spa-t a fiatalok \u00e9s a kiss\u00e9 id\u0151sebbek egyar\u00e1nt szeretik. Egy dolog k\u00f6z\u00f6s benn\u00fck: a v\u00e1gy a b\u00e9k\u00e9s, idilli kikapcsol\u00f3d\u00e1sra \u00e9s a csak kettesben elt\u00f6lt\u00f6tt pillanatokra.     <\/p>\n\n<div class=\"wp-block-buttons is-content-justification-center is-layout-flex wp-container-core-buttons-is-layout-16018d1d wp-block-buttons-is-layout-flex\">\n<div class=\"wp-block-button\"><a class=\"wp-block-button__link wp-element-button\" href=\"https:\/\/krakow.piwnespa.com\/oferta\/kapiele\/\">Tekintse meg a SPA aj\u00e1nlatot<\/a><\/div>\n<\/div>\n\n<div class=\"wp-block-columns is-layout-flex wp-container-core-columns-is-layout-9d6595d7 wp-block-columns-is-layout-flex\">\n<div class=\"wp-block-column is-layout-flow wp-block-column-is-layout-flow\">\n<figure class=\"wp-block-image size-full\"><img loading=\"lazy\" decoding=\"async\" width=\"1024\" height=\"683\" src=\"https:\/\/krakow.piwnespa.com\/wp-content\/uploads\/2025\/10\/spa-rocznica-slubu-krakow-2-1024x683-1.jpg\" alt=\"\" class=\"wp-image-13670\" srcset=\"https:\/\/krakow.piwnespa.com\/wp-content\/uploads\/2025\/10\/spa-rocznica-slubu-krakow-2-1024x683-1.jpg 1024w, https:\/\/krakow.piwnespa.com\/wp-content\/uploads\/2025\/10\/spa-rocznica-slubu-krakow-2-1024x683-1-300x200.jpg 300w, https:\/\/krakow.piwnespa.com\/wp-content\/uploads\/2025\/10\/spa-rocznica-slubu-krakow-2-1024x683-1-768x512.jpg 768w, https:\/\/krakow.piwnespa.com\/wp-content\/uploads\/2025\/10\/spa-rocznica-slubu-krakow-2-1024x683-1-600x400.jpg 600w\" sizes=\"auto, (max-width: 1024px) 100vw, 1024px\" \/><\/figure>\n<\/div>\n\n\n\n<div class=\"wp-block-column is-layout-flow wp-block-column-is-layout-flow\">\n<figure class=\"wp-block-image size-full\"><img loading=\"lazy\" decoding=\"async\" width=\"1024\" height=\"683\" src=\"https:\/\/krakow.piwnespa.com\/wp-content\/uploads\/2025\/10\/spa-rocznica-slubu-krakow-1-1024x683-1.jpg\" alt=\"\" class=\"wp-image-13681\" srcset=\"https:\/\/krakow.piwnespa.com\/wp-content\/uploads\/2025\/10\/spa-rocznica-slubu-krakow-1-1024x683-1.jpg 1024w, https:\/\/krakow.piwnespa.com\/wp-content\/uploads\/2025\/10\/spa-rocznica-slubu-krakow-1-1024x683-1-300x200.jpg 300w, https:\/\/krakow.piwnespa.com\/wp-content\/uploads\/2025\/10\/spa-rocznica-slubu-krakow-1-1024x683-1-768x512.jpg 768w, https:\/\/krakow.piwnespa.com\/wp-content\/uploads\/2025\/10\/spa-rocznica-slubu-krakow-1-1024x683-1-600x400.jpg 600w\" sizes=\"auto, (max-width: 1024px) 100vw, 1024px\" \/><\/figure>\n<\/div>\n<\/div>\n\n<h2 class=\"wp-block-heading\">Egyedi kezel\u00e9sek az esk\u00fcv\u0151i \u00e9vfordul\u00f3 meg\u00fcnnepl\u00e9s\u00e9re<\/h2>\n\n<p>A krakk\u00f3i Beer Spa k\u00edn\u00e1lata v\u00e1ltozatos, \u00e9s mindenki sz\u00e1m\u00e1ra van valami. <strong>A h\u00e1zass\u00e1gi \u00e9vfordul\u00f3 meg\u00fcnnepl\u00e9s\u00e9re a VIP f\u00fcrd\u0151t aj\u00e1nljuk.<\/strong> A kezel\u00e9s az infraszaun\u00e1ban val\u00f3 sze\u00e1nszol\u00e1ssal kezd\u0151dik, amelynek c\u00e9lja, hogy kit\u00e1g\u00edtsa a p\u00f3rusokat, \u00edgy a f\u00fcrd\u0151ben tal\u00e1lhat\u00f3 vitaminok jobban felsz\u00edv\u00f3dnak a b\u0151rbe. A k\u00f6vetkez\u0151 szakasz egy \u00f3ra a s\u00f6rf\u00fcrd\u0151ben. Ott egy hord\u00f3 az \u00d6n \u00e1ltal v\u00e1lasztott f\u00fcrd\u0151b\u0151l \u00e9s korl\u00e1tlan k\u00f3stol\u00e1s a finom italb\u00f3l v\u00e1rja \u00d6nt:   <\/p>\n\n<ul class=\"wp-block-list\">\n<li>s\u00f6rf\u00fcrd\u0151 s\u00f6rk\u00f3stol\u00e1ssal<\/li>\n\n\n\n<li>borf\u00fcrd\u0151 bork\u00f3stol\u00f3val<\/li>\n\n\n\n<li>tejf\u00fcrd\u0151 s\u00f6r- vagy bork\u00f3stol\u00f3val<\/li>\n<\/ul>\n\n<p>A f\u00fcrd\u0151k kiv\u00e1l\u00f3an alkalmasak a test \u00e9s a b\u0151r t\u00e1pl\u00e1l\u00e1s\u00e1ra. Hidrat\u00e1ltt\u00e1, puh\u00e1v\u00e1 \u00e9s ragyog\u00f3v\u00e1 teszi. V\u00e9g\u00fcl, a k\u00f6r\u00fclbel\u00fcl 30 perces f\u00fcrd\u0151 ut\u00e1n javasoljuk, hogy pihenjen a zabszalm\u00e1val b\u00e9lelt, szokatlan \u00e1gyon, mivel ez a fekv\u00e9s fokozza a test regener\u00e1l\u00f3d\u00e1s\u00e1t. Mindent egybevetve, egy kezel\u00e9s a Beer Spa-ban t\u00f6k\u00e9letes aj\u00e1nd\u00e9k lesz egy olyan alkalomra, mint p\u00e9ld\u00e1ul egy h\u00e1zass\u00e1gi \u00e9vfordul\u00f3 Krakk\u00f3ban. <strong>\u00cdgy ak\u00e1r azonnal lefoglalhatja az id\u0151pontot online, \u00e9s meglepheti feles\u00e9g\u00e9t\/f\u00e9rj\u00e9t, vagy v\u00e1s\u00e1rolhat egy egy \u00e9vig \u00e9rv\u00e9nyes utalv\u00e1nyt.<\/strong>   <\/p>\n\n<div class=\"wp-block-buttons is-content-justification-center is-layout-flex wp-container-core-buttons-is-layout-16018d1d wp-block-buttons-is-layout-flex\">\n<div class=\"wp-block-button\"><a class=\"wp-block-button__link wp-element-button\" href=\"https:\/\/krakow.piwnespa.com\/oferta\/kapiele\/kapiel-vip\">Foglaljon VIP f\u00fcrd\u0151t<\/a><\/div>\n<\/div>\n\n<div class=\"wp-block-columns is-layout-flex wp-container-core-columns-is-layout-9d6595d7 wp-block-columns-is-layout-flex\">\n<div class=\"wp-block-column is-layout-flow wp-block-column-is-layout-flow\">\n<figure class=\"wp-block-image size-full\"><img loading=\"lazy\" decoding=\"async\" width=\"682\" height=\"1024\" src=\"https:\/\/krakow.piwnespa.com\/wp-content\/uploads\/2025\/10\/rocznica-slubu-krakow-3-682x1024-1.jpg\" alt=\"\" class=\"wp-image-13692\" srcset=\"https:\/\/krakow.piwnespa.com\/wp-content\/uploads\/2025\/10\/rocznica-slubu-krakow-3-682x1024-1.jpg 682w, https:\/\/krakow.piwnespa.com\/wp-content\/uploads\/2025\/10\/rocznica-slubu-krakow-3-682x1024-1-200x300.jpg 200w, https:\/\/krakow.piwnespa.com\/wp-content\/uploads\/2025\/10\/rocznica-slubu-krakow-3-682x1024-1-600x901.jpg 600w\" sizes=\"auto, (max-width: 682px) 100vw, 682px\" \/><\/figure>\n<\/div>\n\n\n\n<div class=\"wp-block-column is-layout-flow wp-block-column-is-layout-flow\">\n<figure class=\"wp-block-image size-full\"><img loading=\"lazy\" decoding=\"async\" width=\"683\" height=\"1024\" src=\"https:\/\/krakow.piwnespa.com\/wp-content\/uploads\/2025\/10\/rocznica-slubu-krakow-4-683x1024-1.jpg\" alt=\"\" class=\"wp-image-13703\" srcset=\"https:\/\/krakow.piwnespa.com\/wp-content\/uploads\/2025\/10\/rocznica-slubu-krakow-4-683x1024-1.jpg 683w, https:\/\/krakow.piwnespa.com\/wp-content\/uploads\/2025\/10\/rocznica-slubu-krakow-4-683x1024-1-200x300.jpg 200w, https:\/\/krakow.piwnespa.com\/wp-content\/uploads\/2025\/10\/rocznica-slubu-krakow-4-683x1024-1-600x900.jpg 600w\" sizes=\"auto, (max-width: 683px) 100vw, 683px\" \/><\/figure>\n<\/div>\n<\/div>\n\n<h2 class=\"wp-block-heading\">Romantikus pillanatok kettesben<\/h2>\n\n<p>A romantikus hangulatot kedvel\u0151 p\u00e1roknak a <a href=\"https:\/\/krakow.piwnespa.com\/oferta\/day-spa\/romantyczne-day-spa\/\">Romantic Day Spa kezel\u00e9st<\/a> vagy a Romantic Bath-t aj\u00e1nljuk. Ezeket a csomagokat szerelmesek sz\u00e1m\u00e1ra hozt\u00e1k l\u00e9tre. Egy romantikus, r\u00f3zsaszirmokkal megsz\u00f3rt tejf\u00fcrd\u0151 v\u00e1rja \u00d6n\u00f6ket egy priv\u00e1t f\u00fcrd\u0151ben. De ez m\u00e9g nem minden, Prosecco \u00e9s csokol\u00e1d\u00e9 \u00e9des\u00edti a hangulatot. A relax\u00e1l\u00f3 zene \u00e9s a gyerty\u00e1k m\u00e9g nagyobb intimit\u00e1st \u00e9s felejthetetlen \u00e9lm\u00e9nyt biztos\u00edtanak. A Romantic Day Spa csomagot eg\u00e9sz testmassz\u00e1zs eg\u00e9sz\u00edti ki, amely ellaz\u00edtja izmait \u00e9s megnyugtatja elm\u00e9j\u00e9t.     <\/p>\n\n<p>Ne felejtsd el meg\u00fcnnepelni a szerelmet. El\u00e9g a kis gesztus, \u00e9s ha egyszer-egyszer egy\u00fctt mentek el valahova, az k\u00f6zelebb hozza majd egym\u00e1shoz \ud83d\ude42 A Beer Spa egy olyan hely, ahol egy poh\u00e1r bor mellett nyugodtan besz\u00e9lgethettek, \u00e9s megtapasztalhatj\u00e1tok a boldog\u00edt\u00f3 kikapcsol\u00f3d\u00e1st. Csod\u00e1latos kombin\u00e1ci\u00f3, nem igaz?  <\/p>\n","protected":false},"excerpt":{"rendered":"<p>Els\u0151, tizedik vagy huszadik, nem sz\u00e1m\u00edt, melyik, minden h\u00e1zass\u00e1gi \u00e9vfordul\u00f3 meg\u00e9rdemel egy kis \u00fcnnepl\u00e9st. K\u00edv\u00e1ncsi, hov\u00e1 vigye feles\u00e9g\u00e9t\/f\u00e9rj\u00e9t a h\u00e1zass\u00e1gi \u00e9vfordul\u00f3ra Krakk\u00f3ban? Eredeti \u00f6tlet a h\u00e1zass\u00e1gi \u00e9vfordul\u00f3 elt\u00f6lt\u00e9s\u00e9re egy l\u00e1togat\u00e1s a krakk\u00f3i Beer Spa-ban. Ez egy var\u00e1zslatos hely. Itt igaz\u00e1n ellazulhat \u00e9s finom italokat ihat. H\u00e1zass\u00e1gi \u00e9vfordul\u00f3 a krakk\u00f3i Beer Spa-ban A krakk\u00f3i Beernarium Beer [&hellip;]<\/p>\n","protected":false},"author":257,"featured_media":14335,"comment_status":"open","ping_status":"open","sticky":false,"template":"","format":"standard","meta":{"_acf_changed":false,"footnotes":""},"categories":[1],"tags":[],"class_list":["post-15649","post","type-post","status-publish","format-standard","has-post-thumbnail","hentry","category-bez-kategorii"],"acf":[],"_links":{"self":[{"href":"https:\/\/krakow.piwnespa.com\/hu\/wp-json\/wp\/v2\/posts\/15649","targetHints":{"allow":["GET"]}}],"collection":[{"href":"https:\/\/krakow.piwnespa.com\/hu\/wp-json\/wp\/v2\/posts"}],"about":[{"href":"https:\/\/krakow.piwnespa.com\/hu\/wp-json\/wp\/v2\/types\/post"}],"author":[{"embeddable":true,"href":"https:\/\/krakow.piwnespa.com\/hu\/wp-json\/wp\/v2\/users\/257"}],"replies":[{"embeddable":true,"href":"https:\/\/krakow.piwnespa.com\/hu\/wp-json\/wp\/v2\/comments?post=15649"}],"version-history":[{"count":1,"href":"https:\/\/krakow.piwnespa.com\/hu\/wp-json\/wp\/v2\/posts\/15649\/revisions"}],"predecessor-version":[{"id":15651,"href":"https:\/\/krakow.piwnespa.com\/hu\/wp-json\/wp\/v2\/posts\/15649\/revisions\/15651"}],"wp:featuredmedia":[{"embeddable":true,"href":"https:\/\/krakow.piwnespa.com\/hu\/wp-json\/wp\/v2\/media\/14335"}],"wp:attachment":[{"href":"https:\/\/krakow.piwnespa.com\/hu\/wp-json\/wp\/v2\/media?parent=15649"}],"wp:term":[{"taxonomy":"category","embeddable":true,"href":"https:\/\/krakow.piwnespa.com\/hu\/wp-json\/wp\/v2\/categories?post=15649"},{"taxonomy":"post_tag","embeddable":true,"href":"https:\/\/krakow.piwnespa.com\/hu\/wp-json\/wp\/v2\/tags?post=15649"}],"curies":[{"name":"wp","href":"https:\/\/api.w.org\/{rel}","templated":true}]}}