{"id":15495,"date":"2022-10-25T10:54:27","date_gmt":"2022-10-25T08:54:27","guid":{"rendered":"https:\/\/krakow.piwnespa.com\/romantikus-helyek-az-eljegyzesre-krakkoban\/"},"modified":"2025-11-04T14:15:08","modified_gmt":"2025-11-04T13:15:08","slug":"romantikus-helyek-az-eljegyzesre-krakkoban","status":"publish","type":"post","link":"https:\/\/krakow.piwnespa.com\/hu\/romantikus-helyek-az-eljegyzesre-krakkoban\/","title":{"rendered":"Romantikus helyek az eljegyz\u00e9sre Krakk\u00f3ban"},"content":{"rendered":"\n<p><strong>Az eljegyz\u00e9s gy\u00f6ny\u00f6r\u0171 pillanat, ez\u00e9rt \u00e9rdemes k\u00fcl\u00f6nleges m\u00f3don megszervezni, romantikus helysz\u00ednt v\u00e1lasztani \u00e9s elragadtatni magunkat az \u00e9rz\u00e9seinkkel. Krakk\u00f3 sz\u00e1mos gy\u00f6ny\u00f6r\u0171 t\u00e1jat, hangulatos \u00e9ttermet k\u00edn\u00e1l, a legeredetibb emberek pedig a sz\u00fcrke val\u00f3s\u00e1gt\u00f3l elszakadni l\u00e1tsz\u00f3 Beer Spa-ban t\u00f6ltik ezeket a romantikus pillanatokat. <\/strong><\/p>\n\n<div class=\"wp-block-columns is-layout-flex wp-container-core-columns-is-layout-9d6595d7 wp-block-columns-is-layout-flex\">\n<div class=\"wp-block-column is-layout-flow wp-block-column-is-layout-flow\">\n<figure class=\"wp-block-image size-full\"><img loading=\"lazy\" decoding=\"async\" width=\"1024\" height=\"1024\" src=\"https:\/\/krakow.piwnespa.com\/wp-content\/uploads\/2025\/10\/zareczyny-w-romantycznym-krakowie-1024x1024-1.jpg\" alt=\"\" class=\"wp-image-13121\" srcset=\"https:\/\/krakow.piwnespa.com\/wp-content\/uploads\/2025\/10\/zareczyny-w-romantycznym-krakowie-1024x1024-1.jpg 1024w, https:\/\/krakow.piwnespa.com\/wp-content\/uploads\/2025\/10\/zareczyny-w-romantycznym-krakowie-1024x1024-1-300x300.jpg 300w, https:\/\/krakow.piwnespa.com\/wp-content\/uploads\/2025\/10\/zareczyny-w-romantycznym-krakowie-1024x1024-1-150x150.jpg 150w, https:\/\/krakow.piwnespa.com\/wp-content\/uploads\/2025\/10\/zareczyny-w-romantycznym-krakowie-1024x1024-1-768x768.jpg 768w, https:\/\/krakow.piwnespa.com\/wp-content\/uploads\/2025\/10\/zareczyny-w-romantycznym-krakowie-1024x1024-1-600x600.jpg 600w, https:\/\/krakow.piwnespa.com\/wp-content\/uploads\/2025\/10\/zareczyny-w-romantycznym-krakowie-1024x1024-1-100x100.jpg 100w\" sizes=\"auto, (max-width: 1024px) 100vw, 1024px\" \/><\/figure>\n<\/div>\n\n\n\n<div class=\"wp-block-column is-layout-flow wp-block-column-is-layout-flow\">\n<figure class=\"wp-block-image size-full\"><img loading=\"lazy\" decoding=\"async\" width=\"541\" height=\"541\" src=\"https:\/\/krakow.piwnespa.com\/wp-content\/uploads\/2025\/10\/zareczyny-osiadczyny-krakow.jpg\" alt=\"\" class=\"wp-image-13132\" srcset=\"https:\/\/krakow.piwnespa.com\/wp-content\/uploads\/2025\/10\/zareczyny-osiadczyny-krakow.jpg 541w, https:\/\/krakow.piwnespa.com\/wp-content\/uploads\/2025\/10\/zareczyny-osiadczyny-krakow-300x300.jpg 300w, https:\/\/krakow.piwnespa.com\/wp-content\/uploads\/2025\/10\/zareczyny-osiadczyny-krakow-150x150.jpg 150w, https:\/\/krakow.piwnespa.com\/wp-content\/uploads\/2025\/10\/zareczyny-osiadczyny-krakow-100x100.jpg 100w\" sizes=\"auto, (max-width: 541px) 100vw, 541px\" \/><\/figure>\n<\/div>\n<\/div>\n\n<h2 class=\"wp-block-heading\">Romantikus helyek Krakk\u00f3ban &#8211; Hol lehet megk\u00e9rni a kez\u00e9t?<\/h2>\n\n<p>Ha a term\u00e9szetben szeretn\u00e9 megk\u00e9rni a kez\u00e9t, j\u00f3 \u00f6tlet lehet a Zakrz\u00f3wek, a Ko\u015bciuszko-domb, ahonnan gy\u00f6ny\u00f6r\u0171 kil\u00e1t\u00e1s ny\u00edlik a v\u00e1rosra, vagy a <a href=\"https:\/\/pl.wikipedia.org\/wiki\/Ogr%C3%B3d_Botaniczny_Uniwersytetu_Jagiello%C5%84skiego\" target=\"_blank\" rel=\"noopener\">Botanikus Kert a romantikus sik\u00e1torokkal<\/a>. Ezek gy\u00f6ny\u00f6r\u0171 helyek, napk\u00f6zben el\u00e9g sok emberrel tal\u00e1lkozhatsz itt, akik megtapsolj\u00e1k az eljegyz\u00e9sedet. Ami egyr\u00e9szt b\u00e1jos, m\u00e1sr\u00e9szt viszont nem mindenki szeret a figyelem k\u00f6z\u00e9ppontj\u00e1ban lenni. Amikor eljegyz\u00e9st tervezel, \u00e9rdemes \u00e1tgondolni, hogy a v\u00e9letlenszer\u0171en \u00f6sszefut\u00f3 emberek nem fogj\u00e1k-e zaklatni a p\u00e1rodat, \u00e9s elveszik-e a pillanat var\u00e1zs\u00e1t.   <\/p>\n\n<p>Mit sz\u00f3lna a krakk\u00f3i Piact\u00e9rhez vagy a Wawel-kast\u00e9lyhoz? Napk\u00f6zben ny\u00fczsg\u0151, ez\u00e9rt nem igaz\u00e1n alkalmas romantikus pillanatokra, de reggelente csendes, b\u00e9k\u00e9s \u00e9s var\u00e1zslatos. Nem lesz azonban k\u00f6nny\u0171 reggel gyan\u00fa n\u00e9lk\u00fcl elvinni a leend\u0151 menyasszonyt s\u00e9t\u00e1lni&#8230; Egy m\u00e1sik nagyon n\u00e9pszer\u0171 \u00f6tlet egy krakk\u00f3i eljegyz\u00e9shez az, hogy egy romantikus helyen vacsor\u00e1zzanak. Mindenekel\u0151tt \u00e9rdemes olyan helysz\u00ednt v\u00e1lasztani, ahol f\u00e9lrees\u0151 \u00fcl\u0151helyek \u00e9s asztalok \u00e1llnak rendelkez\u00e9sre, hacsak nem akarod megosztani az \u00f6r\u00f6m\u00f6t a t\u00f6bbi vend\u00e9ggel.   <\/p>\n\n<p><strong>Ha eredeti akarsz lenni, \u00e9s igaz\u00e1n meglepni leend\u0151 menyasszonyodat, akkor tervezd az eljegyz\u00e9st a krakk\u00f3i Beer Spa-ban.<\/strong> Ez egy nagyon romantikus \u00e9s meghitt hely, hiszen itt csak kettesben t\u00f6lthetitek el a k\u00fcl\u00f6nleges pillanatokat. <\/p>\n\n<div class=\"wp-block-buttons is-content-justification-center is-layout-flex wp-container-core-buttons-is-layout-16018d1d wp-block-buttons-is-layout-flex\">\n<div class=\"wp-block-button\"><a class=\"wp-block-button__link wp-element-button\" href=\"https:\/\/krakow.piwnespa.com\/oferta\/kapiele\/kapiel-romantyczna\/\">L\u00e1sd Romantikus f\u00fcrd\u0151<\/a><\/div>\n<\/div>\n\n<div class=\"wp-block-columns is-layout-flex wp-container-core-columns-is-layout-9d6595d7 wp-block-columns-is-layout-flex\">\n<div class=\"wp-block-column is-layout-flow wp-block-column-is-layout-flow\">\n<figure class=\"wp-block-image size-full\"><img loading=\"lazy\" decoding=\"async\" width=\"1024\" height=\"683\" src=\"https:\/\/krakow.piwnespa.com\/wp-content\/uploads\/2025\/10\/zareczyny-krakow-2-1024x683-1.jpg\" alt=\"\" class=\"wp-image-13143\" srcset=\"https:\/\/krakow.piwnespa.com\/wp-content\/uploads\/2025\/10\/zareczyny-krakow-2-1024x683-1.jpg 1024w, https:\/\/krakow.piwnespa.com\/wp-content\/uploads\/2025\/10\/zareczyny-krakow-2-1024x683-1-300x200.jpg 300w, https:\/\/krakow.piwnespa.com\/wp-content\/uploads\/2025\/10\/zareczyny-krakow-2-1024x683-1-768x512.jpg 768w, https:\/\/krakow.piwnespa.com\/wp-content\/uploads\/2025\/10\/zareczyny-krakow-2-1024x683-1-600x400.jpg 600w\" sizes=\"auto, (max-width: 1024px) 100vw, 1024px\" \/><\/figure>\n<\/div>\n\n\n\n<div class=\"wp-block-column is-layout-flow wp-block-column-is-layout-flow\">\n<figure class=\"wp-block-image size-full\"><img loading=\"lazy\" decoding=\"async\" width=\"1024\" height=\"683\" src=\"https:\/\/krakow.piwnespa.com\/wp-content\/uploads\/2025\/10\/zareczyny-krakow-1-1024x683-1.jpg\" alt=\"\" class=\"wp-image-13154\" srcset=\"https:\/\/krakow.piwnespa.com\/wp-content\/uploads\/2025\/10\/zareczyny-krakow-1-1024x683-1.jpg 1024w, https:\/\/krakow.piwnespa.com\/wp-content\/uploads\/2025\/10\/zareczyny-krakow-1-1024x683-1-300x200.jpg 300w, https:\/\/krakow.piwnespa.com\/wp-content\/uploads\/2025\/10\/zareczyny-krakow-1-1024x683-1-768x512.jpg 768w, https:\/\/krakow.piwnespa.com\/wp-content\/uploads\/2025\/10\/zareczyny-krakow-1-1024x683-1-600x400.jpg 600w\" sizes=\"auto, (max-width: 1024px) 100vw, 1024px\" \/><\/figure>\n<\/div>\n<\/div>\n\n<h2 class=\"wp-block-heading\">Eljegyz\u00e9s a krakk\u00f3i Beer Spa-ban &#8211; Romantikus tejf\u00fcrd\u0151 r\u00f3zsaszirmokkal<\/h2>\n\n<p>A Piwne Spa egy romantikus hely Krakk\u00f3 k\u00f6zpontj\u00e1ban, a Florianska utca 13. sz\u00e1m alatt. A Spa egy t\u00f6rt\u00e9nelmi b\u00e9rh\u00e1z alagsor\u00e1ban tal\u00e1lhat\u00f3, ide nem \u00e9r el sem a nappali f\u00e9ny, sem a v\u00e1ros ny\u00fczsg\u00e9se. Ez\u00e9rt csendes, b\u00e9k\u00e9s \u00e9s nagyon romantikus itt.    <strong>A krakk\u00f3i Beer Spa l\u00e9gk\u00f6re mindenekel\u0151tt ide\u00e1lis egy meghitt, csak kettesben t\u00f6rt\u00e9n\u0151 eljegyz\u00e9shez.<\/strong><\/p>\n\n<p>Eljegyz\u00e9sre valami k\u00fcl\u00f6nlegeset aj\u00e1nlunk &#8211; egy <span style=\"text-decoration: underline;\"><a href=\"https:\/\/krakow.piwnespa.com\/oferta\/kapiele\/kapiel-romantyczna\/\">egy romantikus tejf\u00fcrd\u0151t r\u00f3zsaszirmokkal megsz\u00f3rva.<\/a><\/span> a v\u00edz felsz\u00edn\u00e9n lebeg\u0151 r\u00f3zsaszirmokkal. A f\u00fcrd\u0151t egy olyan f\u00fcrd\u0151h\u00e1zban k\u00e9sz\u00edtik el, amelyet csak kettesben val\u00f3 kikapcsol\u00f3d\u00e1sra terveztek.   <strong>F\u00fcrd\u00e9s k\u00f6zben megk\u00f3stolhatja a Prosecc\u00f3t, \u00e9s \u00e9dess\u00e9gekkel csiklandozhatja a sz\u00e1jpadl\u00e1s\u00e1t.<\/strong><\/p>\n\n<div class=\"wp-block-buttons is-content-justification-center is-layout-flex wp-container-core-buttons-is-layout-16018d1d wp-block-buttons-is-layout-flex\">\n<div class=\"wp-block-button\"><a class=\"wp-block-button__link wp-element-button\" href=\"https:\/\/krakow.piwnespa.com\/oferta\/kapiele\/kapiel-romantyczna\/\">Foglaljon egy romantikus f\u00fcrd\u0151t<\/a><\/div>\n<\/div>\n\n<div class=\"wp-block-columns is-layout-flex wp-container-core-columns-is-layout-9d6595d7 wp-block-columns-is-layout-flex\">\n<div class=\"wp-block-column is-layout-flow wp-block-column-is-layout-flow\">\n<figure class=\"wp-block-image size-full\"><img loading=\"lazy\" decoding=\"async\" width=\"1024\" height=\"682\" src=\"https:\/\/krakow.piwnespa.com\/wp-content\/uploads\/2025\/10\/wieczor-we-dwoje-w-krakowie-6-1024x682-1.jpg\" alt=\"\" class=\"wp-image-13165\" srcset=\"https:\/\/krakow.piwnespa.com\/wp-content\/uploads\/2025\/10\/wieczor-we-dwoje-w-krakowie-6-1024x682-1.jpg 1024w, https:\/\/krakow.piwnespa.com\/wp-content\/uploads\/2025\/10\/wieczor-we-dwoje-w-krakowie-6-1024x682-1-300x200.jpg 300w, https:\/\/krakow.piwnespa.com\/wp-content\/uploads\/2025\/10\/wieczor-we-dwoje-w-krakowie-6-1024x682-1-768x512.jpg 768w, https:\/\/krakow.piwnespa.com\/wp-content\/uploads\/2025\/10\/wieczor-we-dwoje-w-krakowie-6-1024x682-1-600x400.jpg 600w\" sizes=\"auto, (max-width: 1024px) 100vw, 1024px\" \/><\/figure>\n<\/div>\n\n\n\n<div class=\"wp-block-column is-layout-flow wp-block-column-is-layout-flow\">\n<figure class=\"wp-block-image size-full\"><img loading=\"lazy\" decoding=\"async\" width=\"1024\" height=\"683\" src=\"https:\/\/krakow.piwnespa.com\/wp-content\/uploads\/2025\/10\/romantyczne-miejsce-na-zareczyny-krakow-1-1024x683-1.jpg\" alt=\"\" class=\"wp-image-13176\" srcset=\"https:\/\/krakow.piwnespa.com\/wp-content\/uploads\/2025\/10\/romantyczne-miejsce-na-zareczyny-krakow-1-1024x683-1.jpg 1024w, https:\/\/krakow.piwnespa.com\/wp-content\/uploads\/2025\/10\/romantyczne-miejsce-na-zareczyny-krakow-1-1024x683-1-300x200.jpg 300w, https:\/\/krakow.piwnespa.com\/wp-content\/uploads\/2025\/10\/romantyczne-miejsce-na-zareczyny-krakow-1-1024x683-1-768x512.jpg 768w, https:\/\/krakow.piwnespa.com\/wp-content\/uploads\/2025\/10\/romantyczne-miejsce-na-zareczyny-krakow-1-1024x683-1-600x400.jpg 600w\" sizes=\"auto, (max-width: 1024px) 100vw, 1024px\" \/><\/figure>\n<\/div>\n<\/div>\n\n<h2 class=\"wp-block-heading\">Romantikus nappali f\u00fcrd\u0151 &#8211; egy \u00e1lom eljegyz\u00e9s<\/h2>\n\n<p>Az eljegyz\u00e9s k\u00fcl\u00f6nleges esem\u00e9ny, amely k\u00fcl\u00f6nleges k\u00f6rnyezetet ig\u00e9nyel. Erre az alkalomra egy var\u00e1zslatos csomagot k\u00e9sz\u00edtett\u00fcnk &#8211; a <a href=\"https:\/\/krakow.piwnespa.com\/oferta\/day-spa\/romantyczne-day-spa\/\">Romantic Day Spa-t.<\/a> Ez az aj\u00e1nlat k\u00fcl\u00f6n\u00f6sen kedvez a szerelmi vallom\u00e1soknak. H\u00edvja meg gyan\u00fatlan kedves\u00e9t a Beer Spa-ba, \u00e9s \u00e9lvezz\u00e9k egym\u00e1s t\u00e1rsas\u00e1g\u00e1t, m\u00edg mi gondoskodunk a t\u00f6bbir\u0151l.   <\/p>\n\n<p>A wellness-kalandot egy meleg\u00edt\u0151 szaun\u00e1z\u00e1ssal kezdi. Ezut\u00e1n egy priv\u00e1t, meghitt f\u00fcrd\u0151be invit\u00e1lnak, ahol felteszed \u00e9leted legfontosabb k\u00e9rd\u00e9s\u00e9t&#8230; Nyilatkozatodat romantikus zene, gyertyaf\u00e9ny k\u00eds\u00e9ri majd. A r\u00f3zsaszirmokkal megsz\u00f3rt kecsketejes f\u00fcrd\u0151 \u00e9s egy Prosecco k\u00f3stol\u00f3 teszi ezt a napot \u00e9letetek egyik legromantikusabbj\u00e1v\u00e1. Egy teljes testmassz\u00e1zs megnyugtatja az \u00e9rzelmeiteket:   <\/p>\n\n<ul class=\"wp-block-list\">\n<li><a href=\"https:\/\/krakow.piwnespa.com\/oferta\/masaze-krakow\/masaz-relaksacyjny-calosciowy\">Holisztikus relax\u00e1ci\u00f3s massz\u00e1zs<\/a><\/li>\n\n\n\n<li><a href=\"https:\/\/krakow.piwnespa.com\/oferta\/masaze-krakow\/masaz-swieca\/\">Gyerty\u00e1s massz\u00e1zs<\/a><\/li>\n\n\n\n<li><a href=\"https:\/\/krakow.piwnespa.com\/oferta\/masaze-krakow\/zabieg-piwny-na-twarz\/\">S\u00f6r\u00f6s arckezel\u00e9s<\/a><\/li>\n<\/ul>\n\n<p>Sz\u00edvesen seg\u00edt\u00fcnk \u00d6nnek megszervezni a krakk\u00f3i Beer Spa-ban val\u00f3 r\u00e9szv\u00e9tel\u00e9t. Elj\u00e1tszhatunk egy dedik\u00e1lt dalt, rendelhet\u00fcnk egy gy\u00f6ny\u00f6r\u0171 csokor v\u00f6r\u00f6s r\u00f3zs\u00e1t, amelyet a gy\u0171r\u0171vel egy\u00fctt a f\u00fcrd\u0151be helyez\u00fcnk, vagy ha szeretn\u00e9, a kezel\u00e9s alatt maga is elmehet a recepci\u00f3ra, \u00e9s a csokorral egy\u00fctt a gy\u0171r\u0171t is elviheti. \u00d6sszefoglalva, nyitottak vagyunk az \u00d6n \u00f6tleteire \u00e9s javaslataira egy felejthetetlen eljegyz\u00e9shez Krakk\u00f3ban.  <\/p>\n\n<div class=\"wp-block-buttons is-content-justification-center is-layout-flex wp-container-core-buttons-is-layout-16018d1d wp-block-buttons-is-layout-flex\">\n<div class=\"wp-block-button\"><a class=\"wp-block-button__link wp-element-button\" href=\"https:\/\/krakow.piwnespa.com\/zarezerwuj-teraz\/\">Foglaljon egy romantikus Day Spa-t<\/a><\/div>\n<\/div>\n\n<div class=\"wp-block-columns is-layout-flex wp-container-core-columns-is-layout-9d6595d7 wp-block-columns-is-layout-flex\">\n<div class=\"wp-block-column is-layout-flow wp-block-column-is-layout-flow\">\n<figure class=\"wp-block-image size-full\"><img loading=\"lazy\" decoding=\"async\" width=\"997\" height=\"748\" src=\"https:\/\/krakow.piwnespa.com\/wp-content\/uploads\/2025\/10\/zareczyny-piwne-spa.jpeg\" alt=\"\" class=\"wp-image-13187\" srcset=\"https:\/\/krakow.piwnespa.com\/wp-content\/uploads\/2025\/10\/zareczyny-piwne-spa.jpeg 997w, https:\/\/krakow.piwnespa.com\/wp-content\/uploads\/2025\/10\/zareczyny-piwne-spa-300x225.jpeg 300w, https:\/\/krakow.piwnespa.com\/wp-content\/uploads\/2025\/10\/zareczyny-piwne-spa-768x576.jpeg 768w, https:\/\/krakow.piwnespa.com\/wp-content\/uploads\/2025\/10\/zareczyny-piwne-spa-600x450.jpeg 600w\" sizes=\"auto, (max-width: 997px) 100vw, 997px\" \/><\/figure>\n<\/div>\n\n\n\n<div class=\"wp-block-column is-layout-flow wp-block-column-is-layout-flow\">\n<figure class=\"wp-block-image size-full\"><img loading=\"lazy\" decoding=\"async\" width=\"997\" height=\"748\" src=\"https:\/\/krakow.piwnespa.com\/wp-content\/uploads\/2025\/10\/zareczyny-piwne-spa-krakow.jpg\" alt=\"\" class=\"wp-image-13198\" srcset=\"https:\/\/krakow.piwnespa.com\/wp-content\/uploads\/2025\/10\/zareczyny-piwne-spa-krakow.jpg 997w, https:\/\/krakow.piwnespa.com\/wp-content\/uploads\/2025\/10\/zareczyny-piwne-spa-krakow-300x225.jpg 300w, https:\/\/krakow.piwnespa.com\/wp-content\/uploads\/2025\/10\/zareczyny-piwne-spa-krakow-768x576.jpg 768w, https:\/\/krakow.piwnespa.com\/wp-content\/uploads\/2025\/10\/zareczyny-piwne-spa-krakow-600x450.jpg 600w\" sizes=\"auto, (max-width: 997px) 100vw, 997px\" \/><\/figure>\n<\/div>\n<\/div>\n\n<div class=\"wp-block-columns is-layout-flex wp-container-core-columns-is-layout-9d6595d7 wp-block-columns-is-layout-flex\">\n<div class=\"wp-block-column is-layout-flow wp-block-column-is-layout-flow\">\n<figure class=\"wp-block-image size-full\"><img loading=\"lazy\" decoding=\"async\" width=\"828\" height=\"828\" src=\"https:\/\/krakow.piwnespa.com\/wp-content\/uploads\/2025\/10\/oswiadczyny-krakow.jpg\" alt=\"\" class=\"wp-image-13209\" srcset=\"https:\/\/krakow.piwnespa.com\/wp-content\/uploads\/2025\/10\/oswiadczyny-krakow.jpg 828w, https:\/\/krakow.piwnespa.com\/wp-content\/uploads\/2025\/10\/oswiadczyny-krakow-300x300.jpg 300w, https:\/\/krakow.piwnespa.com\/wp-content\/uploads\/2025\/10\/oswiadczyny-krakow-150x150.jpg 150w, https:\/\/krakow.piwnespa.com\/wp-content\/uploads\/2025\/10\/oswiadczyny-krakow-768x768.jpg 768w, https:\/\/krakow.piwnespa.com\/wp-content\/uploads\/2025\/10\/oswiadczyny-krakow-600x600.jpg 600w, https:\/\/krakow.piwnespa.com\/wp-content\/uploads\/2025\/10\/oswiadczyny-krakow-100x100.jpg 100w\" sizes=\"auto, (max-width: 828px) 100vw, 828px\" \/><\/figure>\n<\/div>\n\n\n\n<div class=\"wp-block-column is-layout-flow wp-block-column-is-layout-flow\">\n<figure class=\"wp-block-image size-full\"><img loading=\"lazy\" decoding=\"async\" width=\"768\" height=\"768\" src=\"https:\/\/krakow.piwnespa.com\/wp-content\/uploads\/2025\/10\/330144963_2466976690124266_7833551748329710895_n.jpg\" alt=\"\" class=\"wp-image-13220\" srcset=\"https:\/\/krakow.piwnespa.com\/wp-content\/uploads\/2025\/10\/330144963_2466976690124266_7833551748329710895_n.jpg 768w, https:\/\/krakow.piwnespa.com\/wp-content\/uploads\/2025\/10\/330144963_2466976690124266_7833551748329710895_n-300x300.jpg 300w, https:\/\/krakow.piwnespa.com\/wp-content\/uploads\/2025\/10\/330144963_2466976690124266_7833551748329710895_n-150x150.jpg 150w, https:\/\/krakow.piwnespa.com\/wp-content\/uploads\/2025\/10\/330144963_2466976690124266_7833551748329710895_n-600x600.jpg 600w, https:\/\/krakow.piwnespa.com\/wp-content\/uploads\/2025\/10\/330144963_2466976690124266_7833551748329710895_n-100x100.jpg 100w\" sizes=\"auto, (max-width: 768px) 100vw, 768px\" \/><\/figure>\n<\/div>\n\n\n\n<div class=\"wp-block-column is-layout-flow wp-block-column-is-layout-flow\">\n<figure class=\"wp-block-image size-full\"><img loading=\"lazy\" decoding=\"async\" width=\"768\" height=\"768\" src=\"https:\/\/krakow.piwnespa.com\/wp-content\/uploads\/2025\/10\/romnatycznie-krk2.jpeg\" alt=\"\" class=\"wp-image-13231\" srcset=\"https:\/\/krakow.piwnespa.com\/wp-content\/uploads\/2025\/10\/romnatycznie-krk2.jpeg 768w, https:\/\/krakow.piwnespa.com\/wp-content\/uploads\/2025\/10\/romnatycznie-krk2-300x300.jpeg 300w, https:\/\/krakow.piwnespa.com\/wp-content\/uploads\/2025\/10\/romnatycznie-krk2-150x150.jpeg 150w, https:\/\/krakow.piwnespa.com\/wp-content\/uploads\/2025\/10\/romnatycznie-krk2-600x600.jpeg 600w, https:\/\/krakow.piwnespa.com\/wp-content\/uploads\/2025\/10\/romnatycznie-krk2-100x100.jpeg 100w\" sizes=\"auto, (max-width: 768px) 100vw, 768px\" \/><\/figure>\n<\/div>\n<\/div>\n","protected":false},"excerpt":{"rendered":"<p>Az eljegyz\u00e9s gy\u00f6ny\u00f6r\u0171 pillanat, ez\u00e9rt \u00e9rdemes k\u00fcl\u00f6nleges m\u00f3don megszervezni, romantikus helysz\u00ednt v\u00e1lasztani \u00e9s elragadtatni magunkat az \u00e9rz\u00e9seinkkel. Krakk\u00f3 sz\u00e1mos gy\u00f6ny\u00f6r\u0171 t\u00e1jat, hangulatos \u00e9ttermet k\u00edn\u00e1l, a legeredetibb emberek pedig a sz\u00fcrke val\u00f3s\u00e1gt\u00f3l elszakadni l\u00e1tsz\u00f3 Beer Spa-ban t\u00f6ltik ezeket a romantikus pillanatokat. Romantikus helyek Krakk\u00f3ban &#8211; Hol lehet megk\u00e9rni a kez\u00e9t? Ha a term\u00e9szetben szeretn\u00e9 megk\u00e9rni a [&hellip;]<\/p>\n","protected":false},"author":257,"featured_media":15171,"comment_status":"open","ping_status":"open","sticky":false,"template":"","format":"standard","meta":{"_acf_changed":false,"footnotes":""},"categories":[1],"tags":[],"class_list":["post-15495","post","type-post","status-publish","format-standard","has-post-thumbnail","hentry","category-bez-kategorii"],"acf":[],"_links":{"self":[{"href":"https:\/\/krakow.piwnespa.com\/hu\/wp-json\/wp\/v2\/posts\/15495","targetHints":{"allow":["GET"]}}],"collection":[{"href":"https:\/\/krakow.piwnespa.com\/hu\/wp-json\/wp\/v2\/posts"}],"about":[{"href":"https:\/\/krakow.piwnespa.com\/hu\/wp-json\/wp\/v2\/types\/post"}],"author":[{"embeddable":true,"href":"https:\/\/krakow.piwnespa.com\/hu\/wp-json\/wp\/v2\/users\/257"}],"replies":[{"embeddable":true,"href":"https:\/\/krakow.piwnespa.com\/hu\/wp-json\/wp\/v2\/comments?post=15495"}],"version-history":[{"count":1,"href":"https:\/\/krakow.piwnespa.com\/hu\/wp-json\/wp\/v2\/posts\/15495\/revisions"}],"predecessor-version":[{"id":15497,"href":"https:\/\/krakow.piwnespa.com\/hu\/wp-json\/wp\/v2\/posts\/15495\/revisions\/15497"}],"wp:featuredmedia":[{"embeddable":true,"href":"https:\/\/krakow.piwnespa.com\/hu\/wp-json\/wp\/v2\/media\/15171"}],"wp:attachment":[{"href":"https:\/\/krakow.piwnespa.com\/hu\/wp-json\/wp\/v2\/media?parent=15495"}],"wp:term":[{"taxonomy":"category","embeddable":true,"href":"https:\/\/krakow.piwnespa.com\/hu\/wp-json\/wp\/v2\/categories?post=15495"},{"taxonomy":"post_tag","embeddable":true,"href":"https:\/\/krakow.piwnespa.com\/hu\/wp-json\/wp\/v2\/tags?post=15495"}],"curies":[{"name":"wp","href":"https:\/\/api.w.org\/{rel}","templated":true}]}}