{"id":15417,"date":"2024-08-01T14:27:12","date_gmt":"2024-08-01T12:27:12","guid":{"rendered":"https:\/\/krakow.piwnespa.com\/szallodak-a-krakkoi-piacteren\/"},"modified":"2025-11-04T14:14:13","modified_gmt":"2025-11-04T13:14:13","slug":"szallodak-a-krakkoi-piacteren","status":"publish","type":"post","link":"https:\/\/krakow.piwnespa.com\/hu\/szallodak-a-krakkoi-piacteren\/","title":{"rendered":"Sz\u00e1llod\u00e1k a krakk\u00f3i Piact\u00e9ren"},"content":{"rendered":"\n<p><strong>A krakk\u00f3i Piact\u00e9r a v\u00e1ros sz\u00edve, amelyet gy\u00f6ny\u00f6r\u0171 polg\u00e1rh\u00e1zak, \u00e9ttermek \u00e9s sz\u00e1llod\u00e1k vesznek k\u00f6r\u00fcl, amelyek nemcsak k\u00e9nyelmes sz\u00e1ll\u00e1st k\u00edn\u00e1lnak, hanem k\u00f6zel vannak Krakk\u00f3 f\u0151 turisztikai l\u00e1tv\u00e1nyoss\u00e1gaihoz is, mint p\u00e9ld\u00e1ul a Ruhat\u00e1r \u00e9s a Szent M\u00e1ria-bazilika. Fedezze fel a krakk\u00f3i piact\u00e9ren tal\u00e1lhat\u00f3 sz\u00e1llod\u00e1kat, ahol felejthetetlen id\u0151t fog elt\u00f6lteni. <\/strong><\/p>\n\n<div class=\"wp-block-columns is-layout-flex wp-container-core-columns-is-layout-9d6595d7 wp-block-columns-is-layout-flex\">\n<div class=\"wp-block-column is-layout-flow wp-block-column-is-layout-flow\">\n<figure class=\"wp-block-image size-full\"><img loading=\"lazy\" decoding=\"async\" width=\"1024\" height=\"1024\" src=\"https:\/\/krakow.piwnespa.com\/wp-content\/uploads\/2025\/10\/krakow-rynek-noclegi-1024x1024-1.png\" alt=\"\" class=\"wp-image-14500\" srcset=\"https:\/\/krakow.piwnespa.com\/wp-content\/uploads\/2025\/10\/krakow-rynek-noclegi-1024x1024-1.png 1024w, https:\/\/krakow.piwnespa.com\/wp-content\/uploads\/2025\/10\/krakow-rynek-noclegi-1024x1024-1-300x300.png 300w, https:\/\/krakow.piwnespa.com\/wp-content\/uploads\/2025\/10\/krakow-rynek-noclegi-1024x1024-1-150x150.png 150w, https:\/\/krakow.piwnespa.com\/wp-content\/uploads\/2025\/10\/krakow-rynek-noclegi-1024x1024-1-768x768.png 768w, https:\/\/krakow.piwnespa.com\/wp-content\/uploads\/2025\/10\/krakow-rynek-noclegi-1024x1024-1-600x600.png 600w, https:\/\/krakow.piwnespa.com\/wp-content\/uploads\/2025\/10\/krakow-rynek-noclegi-1024x1024-1-100x100.png 100w\" sizes=\"auto, (max-width: 1024px) 100vw, 1024px\" \/><\/figure>\n<\/div>\n\n\n\n<div class=\"wp-block-column is-layout-flow wp-block-column-is-layout-flow\">\n<figure class=\"wp-block-image size-full\"><img loading=\"lazy\" decoding=\"async\" width=\"1024\" height=\"1024\" src=\"https:\/\/krakow.piwnespa.com\/wp-content\/uploads\/2025\/10\/hotele-na-rynku-w-krakowie-1024x1024-1.png\" alt=\"\" class=\"wp-image-14511\" srcset=\"https:\/\/krakow.piwnespa.com\/wp-content\/uploads\/2025\/10\/hotele-na-rynku-w-krakowie-1024x1024-1.png 1024w, https:\/\/krakow.piwnespa.com\/wp-content\/uploads\/2025\/10\/hotele-na-rynku-w-krakowie-1024x1024-1-300x300.png 300w, https:\/\/krakow.piwnespa.com\/wp-content\/uploads\/2025\/10\/hotele-na-rynku-w-krakowie-1024x1024-1-150x150.png 150w, https:\/\/krakow.piwnespa.com\/wp-content\/uploads\/2025\/10\/hotele-na-rynku-w-krakowie-1024x1024-1-768x768.png 768w, https:\/\/krakow.piwnespa.com\/wp-content\/uploads\/2025\/10\/hotele-na-rynku-w-krakowie-1024x1024-1-600x600.png 600w, https:\/\/krakow.piwnespa.com\/wp-content\/uploads\/2025\/10\/hotele-na-rynku-w-krakowie-1024x1024-1-100x100.png 100w\" sizes=\"auto, (max-width: 1024px) 100vw, 1024px\" \/><\/figure>\n<\/div>\n<\/div>\n\n<h2 class=\"wp-block-heading\">TOP 5 sz\u00e1lloda Krakk\u00f3 k\u00f6zpontj\u00e1ban<\/h2>\n\n<p>Sz\u00e1llod\u00e1k a krakk\u00f3i Piact\u00e9ren &#8211; egy csom\u00f3 van bel\u0151l\u00fck! <strong>Ebben a bejegyz\u00e9sben olyan sz\u00e1llod\u00e1kat aj\u00e1nlunk, amelyek a Booking-on 8,0 feletti \u00e9rt\u00e9kel\u00e9st kaptak, \u00e9s<\/strong> sokan <strong>dics\u00e9rik \u0151ket<\/strong>, ami nem meglep\u0151, hiszen remek helyen vannak, k\u00f6zel a ny\u00fczsg\u0151 Piact\u00e9rhez \u00e9s&#8230; a S\u00f6rf\u00fcrd\u0151h\u00f6z. Kezdj\u00fcnk bele! <\/p>\n\n<div class=\"wp-block-columns is-layout-flex wp-container-core-columns-is-layout-9d6595d7 wp-block-columns-is-layout-flex\">\n<div class=\"wp-block-column is-layout-flow wp-block-column-is-layout-flow\">\n<figure class=\"wp-block-image size-full\"><img loading=\"lazy\" decoding=\"async\" width=\"512\" height=\"512\" src=\"https:\/\/krakow.piwnespa.com\/wp-content\/uploads\/2025\/10\/krakow-rynek-noclegi-warszauer-hotel.jpg\" alt=\"\" class=\"wp-image-14522\" srcset=\"https:\/\/krakow.piwnespa.com\/wp-content\/uploads\/2025\/10\/krakow-rynek-noclegi-warszauer-hotel.jpg 512w, https:\/\/krakow.piwnespa.com\/wp-content\/uploads\/2025\/10\/krakow-rynek-noclegi-warszauer-hotel-300x300.jpg 300w, https:\/\/krakow.piwnespa.com\/wp-content\/uploads\/2025\/10\/krakow-rynek-noclegi-warszauer-hotel-150x150.jpg 150w, https:\/\/krakow.piwnespa.com\/wp-content\/uploads\/2025\/10\/krakow-rynek-noclegi-warszauer-hotel-100x100.jpg 100w\" sizes=\"auto, (max-width: 512px) 100vw, 512px\" \/><\/figure>\n<\/div>\n\n\n\n<div class=\"wp-block-column is-layout-flow wp-block-column-is-layout-flow\">\n<p><\/p>\n\n\n\n<h3 class=\"wp-block-heading\">Krakk\u00f3i sz\u00e1ll\u00e1spiac &#8211; <a href=\"https:\/\/www.warszauer.com\/\" target=\"_blank\" rel=\"noopener\">Warszauer Hotel<\/a><\/h3>\n\n\n\n<img decoding=\"async\" style=\"margin: 0 auto; display: block\" src=\"https:\/\/krakow.piwnespa.com\/wp-content\/uploads\/2025\/10\/booking-krakow.png\"\/><span style=\"text-align: center; font-size: 2em; font-weight: 600; display: block\">9,4<\/span>\n\n\n\n<p class=\"has-text-align-left\">Ez a kis luxus butikhotel 700 m\u00e9terre tal\u00e1lhat\u00f3 a Wawel-kast\u00e9lyt\u00f3l &#8211; Krakk\u00f3 egyik f\u0151 l\u00e1tv\u00e1nyoss\u00e1g\u00e1t\u00f3l.<\/p>\n\n\n\n<p><strong>\u00c1r k\u00e9t f\u0151 r\u00e9sz\u00e9re: 288z\u0142 \/ \u00e9jszak\u00e1nk\u00e9nt<br\/>\u00c9telek: nincs<br\/>T\u00e1vols\u00e1g a F\u0151piact\u00f3l: T\u00e1vols\u00e1g: 1.6 km<br\/>T\u00e1vols\u00e1g: Beer Spa: 1,7 km<\/strong><br\/><\/p>\n\n\n\n<p><em>&#8220;Egy csod\u00e1latos, egyedi hely l\u00e9lekkel azoknak, akik \u00e9rt\u00e9kelik a j\u00f3 designt \u00e9s az otthonos l\u00e9gk\u00f6rt. A legjobb butikhotel Lengyelorsz\u00e1gban:). Finom reggelik. Mindenkinek aj\u00e1nlom. Mindig vissza fogok j\u00f6nni. Legyen m\u00e9g t\u00f6bb ilyen&#8230;&#8221;     <\/em><\/p>\n<\/div>\n<\/div>\n\n<div class=\"wp-block-columns is-layout-flex wp-container-core-columns-is-layout-9d6595d7 wp-block-columns-is-layout-flex\">\n<div class=\"wp-block-column is-layout-flow wp-block-column-is-layout-flow\">\n<figure class=\"wp-block-image size-full\"><img loading=\"lazy\" decoding=\"async\" width=\"683\" height=\"683\" src=\"https:\/\/krakow.piwnespa.com\/wp-content\/uploads\/2025\/10\/krakow-rynek-noclegi-zulian-aparthotel.jpg\" alt=\"\" class=\"wp-image-14563\" srcset=\"https:\/\/krakow.piwnespa.com\/wp-content\/uploads\/2025\/10\/krakow-rynek-noclegi-zulian-aparthotel.jpg 683w, https:\/\/krakow.piwnespa.com\/wp-content\/uploads\/2025\/10\/krakow-rynek-noclegi-zulian-aparthotel-300x300.jpg 300w, https:\/\/krakow.piwnespa.com\/wp-content\/uploads\/2025\/10\/krakow-rynek-noclegi-zulian-aparthotel-150x150.jpg 150w, https:\/\/krakow.piwnespa.com\/wp-content\/uploads\/2025\/10\/krakow-rynek-noclegi-zulian-aparthotel-600x600.jpg 600w, https:\/\/krakow.piwnespa.com\/wp-content\/uploads\/2025\/10\/krakow-rynek-noclegi-zulian-aparthotel-100x100.jpg 100w\" sizes=\"auto, (max-width: 683px) 100vw, 683px\" \/><\/figure>\n<\/div>\n\n\n\n<div class=\"wp-block-column is-layout-flow wp-block-column-is-layout-flow\">\n<p><\/p>\n\n\n\n<h3 class=\"wp-block-heading\">Krakk\u00f3i sz\u00e1ll\u00e1spiac &#8211; <a href=\"https:\/\/www.artery.com.pl\/zulian\/\" target=\"_blank\" rel=\"noopener\">Aparthotel Zulian<\/a><\/h3>\n\n\n\n<img decoding=\"async\" style=\"margin: 0 auto; display: block\" src=\"https:\/\/krakow.piwnespa.com\/wp-content\/uploads\/2025\/10\/booking-krakow.png\"\/><span style=\"text-align: center; font-size: 2em; font-weight: 600; display: block\">8,3<\/span>\n\n\n\n<p>Ez egy olyan hely, ahol a modernista st\u00edlus egyszer\u0171s\u00e9ge a k\u00e9nyelmes pihen\u00e9sre tervezett butikbels\u0151 eleganci\u00e1j\u00e1val p\u00e1rosul. A helyet egy t\u00e1gas kert eg\u00e9sz\u00edti ki, amely a z\u00f6ld o\u00e1zist jelenti Krakk\u00f3 k\u00f6zpontj\u00e1ban. <\/p>\n\n\n\n<p><strong>\u00c1r k\u00e9t f\u0151 r\u00e9sz\u00e9re: 288 z\u0142 \/ \u00e9jszak\u00e1nk\u00e9nt<br\/>\u00c9telek: nincs<br\/>T\u00e1vols\u00e1g a F\u0151t\u00e9rr\u0151l: 1100 m<br\/>T\u00e1vols\u00e1g a S\u00f6rf\u00fcrd\u0151t\u0151l: 650 m<\/strong><br\/><\/p>\n\n\n\n<p><em>&#8220;Nagyon j\u00f3 helyen, bar\u00e1ts\u00e1gos szem\u00e9lyzet, reggeli a napon \ud83d\ude01, minden nagyszer\u0171&#8221;.<\/em><\/p>\n<\/div>\n<\/div>\n\n<div class=\"wp-block-columns is-layout-flex wp-container-core-columns-is-layout-9d6595d7 wp-block-columns-is-layout-flex\">\n<div class=\"wp-block-column is-layout-flow wp-block-column-is-layout-flow\">\n<figure class=\"wp-block-image size-full\"><img loading=\"lazy\" decoding=\"async\" width=\"683\" height=\"683\" src=\"https:\/\/krakow.piwnespa.com\/wp-content\/uploads\/2025\/10\/hotele-na-rynku-w-krakowie-new-port-hotel-na-wisle.jpg\" alt=\"\" class=\"wp-image-14575\" srcset=\"https:\/\/krakow.piwnespa.com\/wp-content\/uploads\/2025\/10\/hotele-na-rynku-w-krakowie-new-port-hotel-na-wisle.jpg 683w, https:\/\/krakow.piwnespa.com\/wp-content\/uploads\/2025\/10\/hotele-na-rynku-w-krakowie-new-port-hotel-na-wisle-300x300.jpg 300w, https:\/\/krakow.piwnespa.com\/wp-content\/uploads\/2025\/10\/hotele-na-rynku-w-krakowie-new-port-hotel-na-wisle-150x150.jpg 150w, https:\/\/krakow.piwnespa.com\/wp-content\/uploads\/2025\/10\/hotele-na-rynku-w-krakowie-new-port-hotel-na-wisle-600x600.jpg 600w, https:\/\/krakow.piwnespa.com\/wp-content\/uploads\/2025\/10\/hotele-na-rynku-w-krakowie-new-port-hotel-na-wisle-100x100.jpg 100w\" sizes=\"auto, (max-width: 683px) 100vw, 683px\" \/><\/figure>\n<\/div>\n\n\n\n<div class=\"wp-block-column is-layout-flow wp-block-column-is-layout-flow\">\n<p><\/p>\n\n\n\n<h3 class=\"wp-block-heading\">Krakk\u00f3i sz\u00e1ll\u00e1spiac &#8211; <a href=\"https:\/\/new-port-hotel.hotelsofkrakow.net\/pl\/#main\" data-type=\"link\" data-id=\"https:\/\/new-port-hotel.hotelsofkrakow.net\/pl\/#main\" target=\"_blank\" rel=\"noopener\">New Port Hotel a Visztula foly\u00f3 partj\u00e1n<\/a><\/h3>\n\n\n\n<img decoding=\"async\" style=\"margin: 0 auto; display: block\" src=\"https:\/\/krakow.piwnespa.com\/wp-content\/uploads\/2025\/10\/booking-krakow.png\"\/><span style=\"text-align: center; font-size: 2em; font-weight: 600; display: block\">9,3<\/span>\n\n\n\n<p>Ahogy a neve is mutatja, a sz\u00e1lloda a Visztula foly\u00f3 partj\u00e1n fekszik, \u00e9s st\u00edlusosan berendezett szob\u00e1ib\u00f3l a nap b\u00e1rmely szak\u00e1ban gy\u00f6ny\u00f6r\u0171 kil\u00e1t\u00e1s ny\u00edlik. T\u00f6k\u00e9letes v\u00e1laszt\u00e1s egy romantikus h\u00e9tv\u00e9g\u00e9re kettesben. <\/p>\n\n\n\n<p><strong>\u00c1r k\u00e9t f\u0151 r\u00e9sz\u00e9re: 508 z\u0142 \/ \u00e9jszak\u00e1nk\u00e9nt<br\/>\u00c9telek: nincs<br\/>T\u00e1vols\u00e1g a f\u0151piact\u00f3l: T\u00e1vols\u00e1g: 2,3 km<br\/>T\u00e1vols\u00e1g: Beer Spa: 2,5 km<\/strong><br\/><\/p>\n\n\n\n<p><em>, &#8220;Egy sz\u00e1lloda, amely nem hasonl\u00edt a t\u00f6bbihez. Gy\u00f6ny\u00f6r\u0171 kil\u00e1t\u00e1s a nagy ablakokb\u00f3l \u00e9s a f\u00e9lemeletr\u0151l a Visztula foly\u00f3ra.&#8221; <\/em><\/p>\n<\/div>\n<\/div>\n\n<div class=\"wp-block-columns is-layout-flex wp-container-core-columns-is-layout-9d6595d7 wp-block-columns-is-layout-flex\">\n<div class=\"wp-block-column is-layout-flow wp-block-column-is-layout-flow\">\n<figure class=\"wp-block-image size-full\"><img loading=\"lazy\" decoding=\"async\" width=\"657\" height=\"657\" src=\"https:\/\/krakow.piwnespa.com\/wp-content\/uploads\/2025\/10\/krakow-rynek-noclegi-hotel-wielopole.jpg\" alt=\"\" class=\"wp-image-14586\" srcset=\"https:\/\/krakow.piwnespa.com\/wp-content\/uploads\/2025\/10\/krakow-rynek-noclegi-hotel-wielopole.jpg 657w, https:\/\/krakow.piwnespa.com\/wp-content\/uploads\/2025\/10\/krakow-rynek-noclegi-hotel-wielopole-300x300.jpg 300w, https:\/\/krakow.piwnespa.com\/wp-content\/uploads\/2025\/10\/krakow-rynek-noclegi-hotel-wielopole-150x150.jpg 150w, https:\/\/krakow.piwnespa.com\/wp-content\/uploads\/2025\/10\/krakow-rynek-noclegi-hotel-wielopole-600x600.jpg 600w, https:\/\/krakow.piwnespa.com\/wp-content\/uploads\/2025\/10\/krakow-rynek-noclegi-hotel-wielopole-100x100.jpg 100w\" sizes=\"auto, (max-width: 657px) 100vw, 657px\" \/><\/figure>\n<\/div>\n\n\n\n<div class=\"wp-block-column is-layout-flow wp-block-column-is-layout-flow\">\n<p><\/p>\n\n\n\n<h3 class=\"wp-block-heading\">Krakk\u00f3i sz\u00e1ll\u00e1spiac &#8211; <a href=\"https:\/\/www.wielopole.pl\/\" target=\"_blank\" rel=\"noopener\">Hotel Wielopole<\/a><\/h3>\n\n\n\n\n<img decoding=\"async\" style=\"margin: 0 auto; display: block\" src=\"https:\/\/krakow.piwnespa.com\/wp-content\/uploads\/2025\/10\/booking-krakow.png\"\/><span style=\"text-align: center; font-size: 2em; font-weight: 600; display: block\">9,0<\/span>\n\n\n\n<p>Igazi lengyel vend\u00e9gszeretet, eur\u00f3pai sz\u00ednvonal, a legeleg\u00e1nsabb k\u00e9nyelem, kellemes l\u00e9gk\u00f6r \u00e9s sz\u00edv\u00e9lyes kiszolg\u00e1l\u00e1s &#8211; \u00edgy jellemzik a Hotel Wielopole-t.<\/p>\n\n\n\n<p><strong>\u00c1r k\u00e9t f\u0151re: 356 z\u0142 \/ \u00e9jszak\u00e1nk\u00e9nt<br\/>\u00c9telek: nincs<br\/>T\u00e1vols\u00e1g a F\u0151piact\u00f3l: 450 m<br\/>T\u00e1vols\u00e1g a S\u00f6rf\u00fcrd\u0151t\u0151l: 600 m<\/strong><br\/><\/p>\n\n\n\n<p><em>, &#8220;Egy meghitt sz\u00e1lloda csod\u00e1latos szem\u00e9lyzettel, mosolyg\u00f3s \u00e9s seg\u00edt\u0151k\u00e9sz szem\u00e9lyzettel. Minden abszol\u00fat &#8220;Igen&#8221;. Tisztas\u00e1g \u00e9s k\u00e9nyelem. A Piact\u00e9r k\u00f6zels\u00e9ge egy plusz&#8221;<\/em>.<\/p>\n<\/div>\n<\/div>\n\n<div class=\"wp-block-columns is-layout-flex wp-container-core-columns-is-layout-9d6595d7 wp-block-columns-is-layout-flex\">\n<div class=\"wp-block-column is-layout-flow wp-block-column-is-layout-flow\">\n<figure class=\"wp-block-image size-full\"><img loading=\"lazy\" decoding=\"async\" width=\"683\" height=\"683\" src=\"https:\/\/krakow.piwnespa.com\/wp-content\/uploads\/2025\/10\/krakow-rynek-noclegi-hotel-krupnicza.jpg\" alt=\"\" class=\"wp-image-14597\" srcset=\"https:\/\/krakow.piwnespa.com\/wp-content\/uploads\/2025\/10\/krakow-rynek-noclegi-hotel-krupnicza.jpg 683w, https:\/\/krakow.piwnespa.com\/wp-content\/uploads\/2025\/10\/krakow-rynek-noclegi-hotel-krupnicza-300x300.jpg 300w, https:\/\/krakow.piwnespa.com\/wp-content\/uploads\/2025\/10\/krakow-rynek-noclegi-hotel-krupnicza-150x150.jpg 150w, https:\/\/krakow.piwnespa.com\/wp-content\/uploads\/2025\/10\/krakow-rynek-noclegi-hotel-krupnicza-600x600.jpg 600w, https:\/\/krakow.piwnespa.com\/wp-content\/uploads\/2025\/10\/krakow-rynek-noclegi-hotel-krupnicza-100x100.jpg 100w\" sizes=\"auto, (max-width: 683px) 100vw, 683px\" \/><\/figure>\n<\/div>\n\n\n\n<div class=\"wp-block-column is-layout-flow wp-block-column-is-layout-flow\">\n<p><\/p>\n\n\n\n<h3 class=\"wp-block-heading\">Krakk\u00f3i sz\u00e1ll\u00e1spiac &#8211; <a href=\"https:\/\/www.larishotels.com\/hotel-krupnicza-30\" target=\"_blank\" rel=\"noopener\">Hotel Krupnicza 30<\/a><\/h3>\n\n\n\n<img decoding=\"async\" style=\"margin: 0 auto; display: block\" src=\"https:\/\/krakow.piwnespa.com\/wp-content\/uploads\/2025\/10\/booking-krakow.png\"\/><span style=\"text-align: center; font-size: 2em; font-weight: 600; display: block\">8,9<\/span>\n\n\n\n<p>A 2022-ben alap\u00edtott sz\u00e1lloda m\u0171k\u00f6d\u00e9s\u00e9nek els\u0151 napja \u00f3ta elrabolta a Krakk\u00f3ba l\u00e1togat\u00f3 vend\u00e9gek sz\u00edv\u00e9t. A v\u00e1ros egyik legfelismerhet\u0151bb utc\u00e1j\u00e1ban tal\u00e1lhat\u00f3 v\u00e1rosi h\u00e1z h\u00e1rom sz\u00ednvonal\u00fa, gy\u00f6ny\u00f6r\u0171 \u00e9s exkluz\u00edv szob\u00e1kat rejt. <\/p>\n\n\n\n<p><strong>\u00c1r k\u00e9t f\u0151 r\u00e9sz\u00e9re: 497 z\u0142 \/ \u00e9jszak\u00e1nk\u00e9nt<br\/>\u00c9telek: reggeli<br\/>T\u00e1vols\u00e1g a F\u0151t\u00e9rr\u0151l: 700 m<br\/>T\u00e1vols\u00e1g a S\u00f6rf\u00fcrd\u0151t\u0151l: 1000 m<\/strong><br\/><\/p>\n\n\n\n<p><em>, &#8220;A szoba minden elv\u00e1r\u00e1sunknak megfelelt a tisztas\u00e1g \u00e9s a k\u00e9nyelem tekintet\u00e9ben. Az \u00e1r\/\u00e9rt\u00e9k ar\u00e1ny az egyik legjobb Krakk\u00f3ban. Nagyon aj\u00e1nlom!&#8221;  <\/em><\/p>\n<\/div>\n<\/div>\n\n<p>A fent eml\u00edtett krakk\u00f3i sz\u00e1llod\u00e1k nem rendelkeznek wellnessr\u00e9szleggel, de var\u00e1zsuk \u00e9s min\u0151s\u00e9g\u00fck egyed\u00fcl\u00e1ll\u00f3v\u00e1 teszi \u0151ket. <strong>Ha azonban \u00fagy d\u00f6nt, hogy krakk\u00f3i tart\u00f3zkod\u00e1sa alatt egy SPA-ban szeretne pihenni, semmi gond, elv\u00e9gre \u00e9ppen a k\u00f6zpontban \u00e9l, ahol sz\u00e1mos SPA-szalon \u00e1ll rendelkez\u00e9sre, k\u00f6zt\u00fck a Beernarium Piwne SPA.<\/strong><\/p>\n\n<h2 class=\"wp-block-heading\">S\u00f6rf\u00fcrd\u0151 &#8211; az egyetlen ilyen jelleg\u0171 attrakci\u00f3 Krakk\u00f3ban<\/h2>\n\n<p>Krakk\u00f3 k\u00f6zpontj\u00e1ban, egy 14. sz\u00e1zadi \u00e9p\u00fclet pinc\u00e9j\u00e9ben tal\u00e1lhat\u00f3 egy eredeti hely, amely s\u00f6r- \u00e9s boralap\u00fa term\u00e9kekkel relax\u00e1l\u00f3 kezel\u00e9seket k\u00edn\u00e1l. Ide\u00e1lis hely azok sz\u00e1m\u00e1ra, akik szokatlan \u00e9s pihentet\u0151 \u00e9lm\u00e9nyre v\u00e1gynak. A f\u00fcrd\u0151 s\u00f6r-, bor- \u00e9s tejf\u00fcrd\u0151ket k\u00edn\u00e1l, amelyeket k\u00e9tszem\u00e9lyes fahord\u00f3kban k\u00e9sz\u00edtenek a priv\u00e1t f\u00fcrd\u0151kben. A f\u00fcrd\u0151ben val\u00f3 pihen\u00e9s k\u00f6zben s\u00f6r- vagy bork\u00f3stol\u00e1sra is jut id\u0151. A f\u00fcrd\u0151 a f\u00fcrd\u0151k\u00f6n k\u00edv\u00fcl m\u00e1s wellness-kezel\u00e9seket is k\u00edn\u00e1l, p\u00e9ld\u00e1ul massz\u00e1zst vagy szaun\u00e1z\u00e1st.    <\/p>\n<section id=\"brxe-179259\" class=\"brxe-section\"><div id=\"brxe-ab3be7\" class=\"brxe-container\"><div id=\"brxe-6b7d63\" class=\"brxe-div brx-grid\"><div class=\"brxe-4d35f9 brxe-div\" data-query-loop-index=\"0\"><div class=\"brxe-f683bf brxe-div\"><h3 class=\"brxe-425547 brxe-heading\">Szerelem Day Spa<br><\/h3><div class=\"brxe-dbe699 brxe-div\"><svg class=\"brxe-57e0af brxe-icon\" xmlns=\"http:\/\/www.w3.org\/2000\/svg\" width=\"28\" height=\"27\" viewBox=\"0 0 28 27\" fill=\"none\"><rect x=\"3.39062\" y=\"6.75\" width=\"20.25\" height=\"13.5\" rx=\"2.25\" stroke=\"#FCFAE8\" stroke-width=\"1.5\"><\/rect><path d=\"M5.64062 10.125H9.01562\" stroke=\"#FCFAE8\" stroke-width=\"1.5\" stroke-linecap=\"round\"><\/path><path d=\"M18.0156 16.875H21.3906\" stroke=\"#FCFAE8\" stroke-width=\"1.5\" stroke-linecap=\"round\"><\/path><circle cx=\"13.5156\" cy=\"13.5\" r=\"2.25\" stroke=\"#FCFAE8\" stroke-width=\"1.5\"><\/circle><\/svg><div class=\"brxe-ec76b5 brxe-text-basic\">z\u0142-t\u00f3l<\/div><\/div><div class=\"brxe-9f44d4 brxe-text-basic\">Szaun\u00e1z\u00e1s - Tejf\u00fcrd\u0151 r\u00f3zsaszirommal - Prosecco k\u00f3stol\u00f3 + csokol\u00e1d\u00e9 - Szalma relax\u00e1ci\u00f3 - R\u00e9szleges relax\u00e1ci\u00f3s massz\u00e1zs (20 perc\/f\u0151).<\/div>\n    <a data-script-id=\"9a5976\" class=\"brxe-84aae9 brxe-ripplebutton bc-ripple-button\" href=\"https:\/\/krakow.piwnespa.com\/hu\/gy\u00f3gyf\u00fcrd\u0151-kezel\u00e9s\/szerelem-day-spa\/\" data-type=\"bc-ripple-button--from-bottom\">\n      <span class='bc-ripple-button__hover-fill'><\/span>\n      <span class='bc-ripple-button__pseudo' data-content='L\u00e1sd'>\n        <span class='bc-ripple-button__text'>\n        L\u00e1sd\n        <\/span>\n      <\/span>\n    <\/a>\n    <\/div><\/div><div class=\"brxe-4d35f9 brxe-div\" data-query-loop-index=\"1\"><div class=\"brxe-f683bf brxe-div\"><h3 class=\"brxe-425547 brxe-heading\">Romantikus f\u00fcrd\u0151<br><\/h3><div class=\"brxe-dbe699 brxe-div\"><svg class=\"brxe-57e0af brxe-icon\" xmlns=\"http:\/\/www.w3.org\/2000\/svg\" width=\"28\" height=\"27\" viewBox=\"0 0 28 27\" fill=\"none\"><rect x=\"3.39062\" y=\"6.75\" width=\"20.25\" height=\"13.5\" rx=\"2.25\" stroke=\"#FCFAE8\" stroke-width=\"1.5\"><\/rect><path d=\"M5.64062 10.125H9.01562\" stroke=\"#FCFAE8\" stroke-width=\"1.5\" stroke-linecap=\"round\"><\/path><path d=\"M18.0156 16.875H21.3906\" stroke=\"#FCFAE8\" stroke-width=\"1.5\" stroke-linecap=\"round\"><\/path><circle cx=\"13.5156\" cy=\"13.5\" r=\"2.25\" stroke=\"#FCFAE8\" stroke-width=\"1.5\"><\/circle><\/svg><div class=\"brxe-ec76b5 brxe-text-basic\">380 z\u0142-t\u00f3l<\/div><\/div><div class=\"brxe-9f44d4 brxe-text-basic\">Szaun\u00e1z\u00e1s - Tejf\u00fcrd\u0151 r\u00f3zsaszirommal - Prosecco (1 \u00fcveg)<\/div>\n    <a data-script-id=\"a599ae\" class=\"brxe-84aae9 brxe-ripplebutton bc-ripple-button\" href=\"https:\/\/krakow.piwnespa.com\/hu\/gy\u00f3gyf\u00fcrd\u0151-kezel\u00e9s\/romantikus-furdo\/\" data-type=\"bc-ripple-button--from-bottom\">\n      <span class='bc-ripple-button__hover-fill'><\/span>\n      <span class='bc-ripple-button__pseudo' data-content='L\u00e1sd'>\n        <span class='bc-ripple-button__text'>\n        L\u00e1sd\n        <\/span>\n      <\/span>\n    <\/a>\n    <\/div><\/div><div class=\"brxe-4d35f9 brxe-div\" data-query-loop-index=\"2\"><div class=\"brxe-f683bf brxe-div\"><h3 class=\"brxe-425547 brxe-heading\">S\u00f6rf\u00fcrd\u0151<br><\/h3><div class=\"brxe-dbe699 brxe-div\"><svg class=\"brxe-57e0af brxe-icon\" xmlns=\"http:\/\/www.w3.org\/2000\/svg\" width=\"28\" height=\"27\" viewBox=\"0 0 28 27\" fill=\"none\"><rect x=\"3.39062\" y=\"6.75\" width=\"20.25\" height=\"13.5\" rx=\"2.25\" stroke=\"#FCFAE8\" stroke-width=\"1.5\"><\/rect><path d=\"M5.64062 10.125H9.01562\" stroke=\"#FCFAE8\" stroke-width=\"1.5\" stroke-linecap=\"round\"><\/path><path d=\"M18.0156 16.875H21.3906\" stroke=\"#FCFAE8\" stroke-width=\"1.5\" stroke-linecap=\"round\"><\/path><circle cx=\"13.5156\" cy=\"13.5\" r=\"2.25\" stroke=\"#FCFAE8\" stroke-width=\"1.5\"><\/circle><\/svg><div class=\"brxe-ec76b5 brxe-text-basic\">290 z\u0142-t\u00f3l<\/div><\/div><div class=\"brxe-9f44d4 brxe-text-basic\">S\u00f6rf\u00fcrd\u0151 - S\u00f6rk\u00f3stol\u00f3 0,5l\/1 f\u0151. - Pihen\u00e9s a szalmasz\u00e1lon<\/div>\n    <a data-script-id=\"412cd2\" class=\"brxe-84aae9 brxe-ripplebutton bc-ripple-button\" href=\"https:\/\/krakow.piwnespa.com\/hu\/gy\u00f3gyf\u00fcrd\u0151-kezel\u00e9s\/sorfurdo\/\" data-type=\"bc-ripple-button--from-bottom\">\n      <span class='bc-ripple-button__hover-fill'><\/span>\n      <span class='bc-ripple-button__pseudo' data-content='L\u00e1sd'>\n        <span class='bc-ripple-button__text'>\n        L\u00e1sd\n        <\/span>\n      <\/span>\n    <\/a>\n    <\/div><\/div><\/div><\/div><\/section>\n\n<h2 class=\"wp-block-heading\">Romantikus kezel\u00e9sek szerelmeseknek<\/h2>\n\n<p>A Beer Spa-ban a sz\u00fcrk\u00fcletet l\u00e1gy f\u00e9ny \u00e1rasztja el, a h\u00e1tt\u00e9rben nyugtat\u00f3 zene sz\u00f3l, kiv\u00e9telesen hangulatos \u00e9s atmoszf\u00e9rikus &#8211; \u00e9ppen a t\u00f6k\u00e9letes atmoszf\u00e9ra egy romantikus id\u0151t\u00f6lt\u00e9shez kettesben. A k\u00e9t szem\u00e9lyre sz\u00f3l\u00f3 kezel\u00e9sek intim f\u00fcrd\u0151kben zajlanak, \u00edgy nyugodt, zavartalan l\u00e9gk\u00f6rben t\u00f6lthetnek el k\u00fcl\u00f6nleges pillanatokat. <\/p>\n\n<h2 class=\"wp-block-heading\">Mit sz\u00f3lna egy wellness-partihoz, amely tele van kikapcsol\u00f3d\u00e1ssal \u00e9s sz\u00f3rakoz\u00e1ssal?<\/h2>\n\n<p>A krakk\u00f3i F\u0151 piact\u00e9ren sz\u00e1mos sz\u00f3rakoz\u00f3hely vagy b\u00e1r tal\u00e1lhat\u00f3, amelyek remek sz\u00f3rakoz\u00e1st k\u00edn\u00e1lnak, de van egy h\u00e1tr\u00e1nya &#8211; az ilyen helyeket t\u00f6megek ostromolj\u00e1k, \u00e9s a hangos zene lehetetlenn\u00e9 teszi a besz\u00e9lget\u00e9st. \u00c9s akkor megjelenik a horizonton a Beernarium S\u00f6rf\u00fcrd\u0151! Most val\u00f3sz\u00edn\u0171leg arra gondolsz &#8211; de hogy \u00e9rted, hogy spa party?  <\/p>\n\n<p>A krakk\u00f3i Beer Spa ak\u00e1r 12 f\u0151s csoportok sz\u00e1m\u00e1ra is k\u00edn\u00e1l rendezv\u00e9nyeket!<\/p>\n\n<p><strong>A gy\u00f3gyf\u00fcrd\u0151ben tett l\u00e1togat\u00e1sa sor\u00e1n:<\/strong><\/p>\n\n<p>Kezdetben biztos\u00edtunk \u00d6nnek t\u00f6r\u00f6lk\u00f6z\u0151ket, valamint egy garnit\u00fara eldobhat\u00f3 f\u00fcrd\u0151ruh\u00e1t \u00e9s szand\u00e1lt. Tiszt\u00e1ban vagyunk azzal, hogy a Beer Spa megl\u00e1togat\u00e1sa gyakran bemeleg\u00edt\u00e9snek sz\u00e1m\u00edt a krakk\u00f3i Piact\u00e9r k\u00f6r\u00fcli t\u00f6bb\u00f3r\u00e1s rally el\u0151tt, ez\u00e9rt minden kieg\u00e9sz\u00edt\u0151t hagyjon a sz\u00e1llod\u00e1ban.   <strong>Ha \u00d6n egy 5 f\u0151n\u00e9l nagyobb csoport, akkor a teljes f\u00fcrd\u0151, azaz a szaunaterem, a massz\u00e1zsszoba \u00e9s a k\u00e9t f\u00fcrd\u0151 csak az \u00d6n rendelkez\u00e9s\u00e9re \u00e1ll!<\/strong>  A f\u00fcrd\u0151 k\u00e9t csomagot k\u00edn\u00e1l csoportok sz\u00e1m\u00e1ra:<\/p>\n\n<div class=\"wp-block-columns is-layout-flex wp-container-core-columns-is-layout-9d6595d7 wp-block-columns-is-layout-flex\">\n<div class=\"wp-block-column is-layout-flow wp-block-column-is-layout-flow\"><div class=\"wp-block-image\">\n<figure class=\"aligncenter size-full\"><img loading=\"lazy\" decoding=\"async\" width=\"300\" height=\"300\" src=\"https:\/\/krakow.piwnespa.com\/wp-content\/uploads\/2025\/10\/grupa-standard.jpg\" alt=\"\" class=\"wp-image-14608\" srcset=\"https:\/\/krakow.piwnespa.com\/wp-content\/uploads\/2025\/10\/grupa-standard.jpg 300w, https:\/\/krakow.piwnespa.com\/wp-content\/uploads\/2025\/10\/grupa-standard-150x150.jpg 150w, https:\/\/krakow.piwnespa.com\/wp-content\/uploads\/2025\/10\/grupa-standard-100x100.jpg 100w\" sizes=\"auto, (max-width: 300px) 100vw, 300px\" \/><\/figure>\n<\/div>\n\n\n<p class=\"has-text-align-center\">Szaun\u00e1z\u00e1s, t\u00e1pl\u00e1l\u00f3 f\u00fcrd\u0151 s\u00f6rk\u00f3stol\u00f3val 1l\/1 f\u0151. \u00e9s pihen\u00e9s a szalm\u00e1n <\/p>\n\n\n\n<div class=\"wp-block-buttons is-content-justification-center is-layout-flex wp-container-core-buttons-is-layout-16018d1d wp-block-buttons-is-layout-flex\">\n<div class=\"wp-block-button\"><a class=\"wp-block-button__link wp-element-button\" href=\"https:\/\/krakow.piwnespa.com\/dla-grup\">L\u00e1sd<\/a><\/div>\n<\/div>\n<\/div>\n\n\n\n<div class=\"wp-block-column is-layout-flow wp-block-column-is-layout-flow\"><div class=\"wp-block-image\">\n<figure class=\"aligncenter size-full\"><img loading=\"lazy\" decoding=\"async\" width=\"300\" height=\"300\" src=\"https:\/\/krakow.piwnespa.com\/wp-content\/uploads\/2025\/10\/grupa-VIP.jpg\" alt=\"\" class=\"wp-image-14619\" srcset=\"https:\/\/krakow.piwnespa.com\/wp-content\/uploads\/2025\/10\/grupa-VIP.jpg 300w, https:\/\/krakow.piwnespa.com\/wp-content\/uploads\/2025\/10\/grupa-VIP-150x150.jpg 150w, https:\/\/krakow.piwnespa.com\/wp-content\/uploads\/2025\/10\/grupa-VIP-100x100.jpg 100w\" sizes=\"auto, (max-width: 300px) 100vw, 300px\" \/><\/figure>\n<\/div>\n\n\n<p class=\"has-text-align-center\">Szaun\u00e1z\u00e1s, t\u00e1pl\u00e1l\u00f3 f\u00fcrd\u0151 korl\u00e1tlan s\u00f6rk\u00f3stol\u00e1ssal \u00e9s hideg harapnival\u00f3kkal<\/p>\n\n\n\n<div class=\"wp-block-buttons is-content-justification-center is-layout-flex wp-container-core-buttons-is-layout-16018d1d wp-block-buttons-is-layout-flex\">\n<div class=\"wp-block-button\"><a class=\"wp-block-button__link wp-element-button\" href=\"https:\/\/krakow.piwnespa.com\/dla-grup\/\">L\u00e1sd<\/a><\/div>\n<\/div>\n<\/div>\n<\/div>\n\n<p>Ha Krakk\u00f3ba tervez l\u00e1togat\u00e1st, mindenk\u00e9ppen n\u00e9zze meg az \u00e1ltalunk k\u00edn\u00e1lt sz\u00e1llod\u00e1kat, amelyek Krakk\u00f3 sz\u00edv\u00e9ben tal\u00e1lhat\u00f3k!<\/p>\n","protected":false},"excerpt":{"rendered":"<p>A krakk\u00f3i Piact\u00e9r a v\u00e1ros sz\u00edve, amelyet gy\u00f6ny\u00f6r\u0171 polg\u00e1rh\u00e1zak, \u00e9ttermek \u00e9s sz\u00e1llod\u00e1k vesznek k\u00f6r\u00fcl, amelyek nemcsak k\u00e9nyelmes sz\u00e1ll\u00e1st k\u00edn\u00e1lnak, hanem k\u00f6zel vannak Krakk\u00f3 f\u0151 turisztikai l\u00e1tv\u00e1nyoss\u00e1gaihoz is, mint p\u00e9ld\u00e1ul a Ruhat\u00e1r \u00e9s a Szent M\u00e1ria-bazilika. Fedezze fel a krakk\u00f3i piact\u00e9ren tal\u00e1lhat\u00f3 sz\u00e1llod\u00e1kat, ahol felejthetetlen id\u0151t fog elt\u00f6lteni. TOP 5 sz\u00e1lloda Krakk\u00f3 k\u00f6zpontj\u00e1ban Sz\u00e1llod\u00e1k a krakk\u00f3i [&hellip;]<\/p>\n","protected":false},"author":257,"featured_media":14506,"comment_status":"open","ping_status":"open","sticky":false,"template":"","format":"standard","meta":{"_acf_changed":false,"footnotes":""},"categories":[1],"tags":[],"class_list":["post-15417","post","type-post","status-publish","format-standard","has-post-thumbnail","hentry","category-bez-kategorii"],"acf":[],"_links":{"self":[{"href":"https:\/\/krakow.piwnespa.com\/hu\/wp-json\/wp\/v2\/posts\/15417","targetHints":{"allow":["GET"]}}],"collection":[{"href":"https:\/\/krakow.piwnespa.com\/hu\/wp-json\/wp\/v2\/posts"}],"about":[{"href":"https:\/\/krakow.piwnespa.com\/hu\/wp-json\/wp\/v2\/types\/post"}],"author":[{"embeddable":true,"href":"https:\/\/krakow.piwnespa.com\/hu\/wp-json\/wp\/v2\/users\/257"}],"replies":[{"embeddable":true,"href":"https:\/\/krakow.piwnespa.com\/hu\/wp-json\/wp\/v2\/comments?post=15417"}],"version-history":[{"count":1,"href":"https:\/\/krakow.piwnespa.com\/hu\/wp-json\/wp\/v2\/posts\/15417\/revisions"}],"predecessor-version":[{"id":15419,"href":"https:\/\/krakow.piwnespa.com\/hu\/wp-json\/wp\/v2\/posts\/15417\/revisions\/15419"}],"wp:featuredmedia":[{"embeddable":true,"href":"https:\/\/krakow.piwnespa.com\/hu\/wp-json\/wp\/v2\/media\/14506"}],"wp:attachment":[{"href":"https:\/\/krakow.piwnespa.com\/hu\/wp-json\/wp\/v2\/media?parent=15417"}],"wp:term":[{"taxonomy":"category","embeddable":true,"href":"https:\/\/krakow.piwnespa.com\/hu\/wp-json\/wp\/v2\/categories?post=15417"},{"taxonomy":"post_tag","embeddable":true,"href":"https:\/\/krakow.piwnespa.com\/hu\/wp-json\/wp\/v2\/tags?post=15417"}],"curies":[{"name":"wp","href":"https:\/\/api.w.org\/{rel}","templated":true}]}}