{"id":15668,"date":"2023-11-17T11:50:27","date_gmt":"2023-11-17T10:50:27","guid":{"rendered":"https:\/\/krakow.piwnespa.com\/co-delat-v-krakove-v-zime-aneb-oblibene-i-mene-zname-atrakce-krakova-pro-zimni-dny\/"},"modified":"2025-11-04T14:16:35","modified_gmt":"2025-11-04T13:16:35","slug":"co-delat-v-krakove-v-zime-aneb-oblibene-i-mene-zname-atrakce-krakova-pro-zimni-dny","status":"publish","type":"post","link":"https:\/\/krakow.piwnespa.com\/cs\/co-delat-v-krakove-v-zime-aneb-oblibene-i-mene-zname-atrakce-krakova-pro-zimni-dny\/","title":{"rendered":"Co d\u011blat v Krakov\u011b v zim\u011b? Aneb obl\u00edben\u00e9 i m\u00e9n\u011b zn\u00e1m\u00e9 atrakce Krakova pro zimn\u00ed dny"},"content":{"rendered":"\n<p><a href=\"http:\/\/https\/\/miastoarchipelag.pl\/najpiekniejsze-miejsca-polski\/jpsm\/10-top-powodow-dla-ktorych-warto-odwiedzic-krakow-zima.html\">Krakov nab\u00edz\u00ed v zim\u011b nep\u0159ebern\u00e9 mno\u017estv\u00ed atrakc\u00ed.<\/a> Podle sv\u00fdch preferenc\u00ed si m\u016f\u017eete napl\u00e1novat velmi aktivn\u00ed den nebo si dop\u0159\u00e1t klidn\u00fd \u010das pln\u00fd odpo\u010dinku. Krakov je bezpochyby velmi atmosf\u00e9rick\u00e9 m\u011bsto, tak\u017ee stoj\u00ed za to poznat jeho kouzlo i v zimn\u00edch dnech.  <\/p>\n\n<div class=\"wp-block-columns is-layout-flex wp-container-core-columns-is-layout-9d6595d7 wp-block-columns-is-layout-flex\">\n<div class=\"wp-block-column is-layout-flow wp-block-column-is-layout-flow\">\n<figure class=\"wp-block-image size-full\"><img loading=\"lazy\" decoding=\"async\" width=\"1024\" height=\"639\" src=\"https:\/\/krakow.piwnespa.com\/wp-content\/uploads\/2025\/10\/lodowiska-w-centrum-krakowa-1024x639-1.jpg\" alt=\"\" class=\"wp-image-13716\" srcset=\"https:\/\/krakow.piwnespa.com\/wp-content\/uploads\/2025\/10\/lodowiska-w-centrum-krakowa-1024x639-1.jpg 1024w, https:\/\/krakow.piwnespa.com\/wp-content\/uploads\/2025\/10\/lodowiska-w-centrum-krakowa-1024x639-1-300x187.jpg 300w, https:\/\/krakow.piwnespa.com\/wp-content\/uploads\/2025\/10\/lodowiska-w-centrum-krakowa-1024x639-1-768x479.jpg 768w, https:\/\/krakow.piwnespa.com\/wp-content\/uploads\/2025\/10\/lodowiska-w-centrum-krakowa-1024x639-1-600x374.jpg 600w\" sizes=\"auto, (max-width: 1024px) 100vw, 1024px\" \/><\/figure>\n<\/div>\n\n\n\n<div class=\"wp-block-column is-layout-flow wp-block-column-is-layout-flow\">\n<figure class=\"wp-block-image size-full\"><img loading=\"lazy\" decoding=\"async\" width=\"1024\" height=\"638\" src=\"https:\/\/krakow.piwnespa.com\/wp-content\/uploads\/2025\/10\/kino-studyjne-w-krakowie-1024x638-1.jpg\" alt=\"\" class=\"wp-image-13727\" srcset=\"https:\/\/krakow.piwnespa.com\/wp-content\/uploads\/2025\/10\/kino-studyjne-w-krakowie-1024x638-1.jpg 1024w, https:\/\/krakow.piwnespa.com\/wp-content\/uploads\/2025\/10\/kino-studyjne-w-krakowie-1024x638-1-300x187.jpg 300w, https:\/\/krakow.piwnespa.com\/wp-content\/uploads\/2025\/10\/kino-studyjne-w-krakowie-1024x638-1-768x479.jpg 768w, https:\/\/krakow.piwnespa.com\/wp-content\/uploads\/2025\/10\/kino-studyjne-w-krakowie-1024x638-1-600x374.jpg 600w\" sizes=\"auto, (max-width: 1024px) 100vw, 1024px\" \/><\/figure>\n<\/div>\n<\/div>\n\n<h2 class=\"wp-block-heading\">Krakov v zim\u011b &#8211; co d\u011blat p\u0159es den a ve\u010der?<\/h2>\n\n<p>V Krakov\u011b se rozhodn\u011b nem\u016f\u017eete nudit. Krakov v zim\u011b nab\u00edz\u00ed \u0159adu atrakc\u00ed: <\/p>\n\n<ul class=\"wp-block-list\">\n<li><strong>Kav\u00e1rny &#8211; <\/strong>v Krakov\u011b je nespo\u010det kav\u00e1ren a restaurac\u00ed, kter\u00e9 nab\u00edzej\u00ed nejlep\u0161\u00ed kuchyni z cel\u00e9ho sv\u011bta a vynikaj\u00edc\u00ed atmosf\u00e9ru pro spole\u010densk\u00e9 setk\u00e1n\u00ed.<\/li>\n\n\n\n<li><strong>Muzea &#8211; <\/strong>pro milovn\u00edky kultury a um\u011bn\u00ed jsou muzea skv\u011blou volbou. N\u011bkter\u00e1 z nich nab\u00edzej\u00ed do\u010dasn\u00e9 v\u00fdstavy, tak\u017ee i kdy\u017e jsme v dan\u00e9m muzeu byli ji\u017e p\u0159ed n\u011bkolika m\u011bs\u00edci, m\u016f\u017eeme si nyn\u00ed ur\u010dit\u011b prohl\u00e9dnout novou v\u00fdstavu. <\/li>\n\n\n\n<li><strong>Studiov\u00e1 kina &#8211; <\/strong>Dal\u0161\u00ed zaj\u00edmavou mo\u017enost\u00ed jsou mal\u00e1 nekomer\u010dn\u00ed kina, kde m\u016f\u017eete vid\u011bt re\u017eis\u00e9rsk\u00e9 sest\u0159ihy a projekce, kter\u00e9 se v \u0159et\u011bzcov\u00fdch kinech neprom\u00edtaj\u00ed. N\u011bkdy se prom\u00edtaj\u00ed filmy pouze pro 2 osoby, \u010dasto v z\u00e1vislosti na neobvykl\u00e9m titulu nebo nepopul\u00e1rn\u00ed hodin\u011b. Soukrom\u00e1 filmov\u00e1 projekce je jist\u011b neuv\u011b\u0159iteln\u00fdm l\u00e1kadlem!  <\/li>\n\n\n\n<li><strong>Bruslen\u00ed &#8211; <\/strong>dal\u0161\u00edm tipem, co d\u011blat v zim\u011b v Krakov\u011b, jsou zimn\u00ed sporty. M\u011bsto nab\u00edz\u00ed n\u011bkolik kluzi\u0161\u0165. V parku Jordan, kter\u00fd se nach\u00e1z\u00ed vedle krakovsk\u00e9ho parku B\u0142onia, se nach\u00e1z\u00ed nejv\u011bt\u0161\u00ed kluzi\u0161t\u011b v Polsku. Je rozd\u011bleno na t\u0159i z\u00f3ny: velkou ledovou plochu, plochu pro d\u011bti a ledovou uli\u010dku. Bruslen\u00ed je zde jednou z nejobl\u00edben\u011bj\u0161\u00edch zimn\u00edch aktivit.    <\/li>\n\n\n\n<li><strong>Aquapark &#8211; <\/strong>Pokud v\u0161ak d\u00e1v\u00e1te p\u0159ednost letn\u00edm atrakc\u00edm, stoj\u00ed za zv\u00e1\u017een\u00ed n\u00e1v\u0161t\u011bva krakovsk\u00e9ho aquaparku. Krom\u011b vodn\u00edch aktivit zde m\u016f\u017eete vyu\u017e\u00edt tak\u00e9 lezeck\u00e9 st\u011bny a saun\u00e1rium. <\/li>\n\n\n\n<li><strong>Pivn\u00ed l\u00e1zn\u011b &#8211;<\/strong> ide\u00e1ln\u00ed m\u00edsto pro odpo\u010dinkov\u00e9 ve\u010dery po aktivn\u00edm dni. Pivn\u00ed l\u00e1zn\u011b jsou neobvykl\u00fdm m\u00edstem pln\u00fdm relaxace, kde se vyu\u017e\u00edvaj\u00ed blahod\u00e1rn\u00e9 vlastnosti piva&#8230;.. <\/li>\n<\/ul>\n\n<div class=\"wp-block-columns is-layout-flex wp-container-core-columns-is-layout-9d6595d7 wp-block-columns-is-layout-flex\">\n<div class=\"wp-block-column is-layout-flow wp-block-column-is-layout-flow\">\n<figure class=\"wp-block-image size-full\"><img loading=\"lazy\" decoding=\"async\" width=\"1024\" height=\"683\" src=\"https:\/\/krakow.piwnespa.com\/wp-content\/uploads\/2025\/10\/zimowe-atrakcje-krakow-spa-1024x683-1.jpg\" alt=\"\" class=\"wp-image-13738\" srcset=\"https:\/\/krakow.piwnespa.com\/wp-content\/uploads\/2025\/10\/zimowe-atrakcje-krakow-spa-1024x683-1.jpg 1024w, https:\/\/krakow.piwnespa.com\/wp-content\/uploads\/2025\/10\/zimowe-atrakcje-krakow-spa-1024x683-1-300x200.jpg 300w, https:\/\/krakow.piwnespa.com\/wp-content\/uploads\/2025\/10\/zimowe-atrakcje-krakow-spa-1024x683-1-768x512.jpg 768w, https:\/\/krakow.piwnespa.com\/wp-content\/uploads\/2025\/10\/zimowe-atrakcje-krakow-spa-1024x683-1-600x400.jpg 600w\" sizes=\"auto, (max-width: 1024px) 100vw, 1024px\" \/><\/figure>\n<\/div>\n\n\n\n<div class=\"wp-block-column is-layout-flow wp-block-column-is-layout-flow\">\n<figure class=\"wp-block-image size-full\"><img loading=\"lazy\" decoding=\"async\" width=\"1024\" height=\"683\" src=\"https:\/\/krakow.piwnespa.com\/wp-content\/uploads\/2025\/10\/piwne-spa-zima-krakow-1024x683-1.jpg\" alt=\"\" class=\"wp-image-13749\" srcset=\"https:\/\/krakow.piwnespa.com\/wp-content\/uploads\/2025\/10\/piwne-spa-zima-krakow-1024x683-1.jpg 1024w, https:\/\/krakow.piwnespa.com\/wp-content\/uploads\/2025\/10\/piwne-spa-zima-krakow-1024x683-1-300x200.jpg 300w, https:\/\/krakow.piwnespa.com\/wp-content\/uploads\/2025\/10\/piwne-spa-zima-krakow-1024x683-1-768x512.jpg 768w, https:\/\/krakow.piwnespa.com\/wp-content\/uploads\/2025\/10\/piwne-spa-zima-krakow-1024x683-1-600x400.jpg 600w\" sizes=\"auto, (max-width: 1024px) 100vw, 1024px\" \/><\/figure>\n<\/div>\n<\/div>\n\n<h2 class=\"wp-block-heading\">Pivn\u00ed l\u00e1zn\u011b Beernarium &#8211; ide\u00e1ln\u00ed m\u00edsto pro zimn\u00ed relaxaci v Krakov\u011b<\/h2>\n\n<p><strong>Jednou z nejatmosf\u00e9ri\u010dt\u011bj\u0161\u00edch zimn\u00edch atrakc\u00ed v Krakov\u011b je rozhodn\u011b pobyt v Pivn\u00edch l\u00e1zn\u00edch.<\/strong> U\u017e samotn\u00fd fakt, \u017ee se l\u00e1zn\u011b nach\u00e1zej\u00ed v suter\u00e9nu Star\u00e9ho m\u011bsta, v historick\u00e9 budov\u011b, dod\u00e1v\u00e1 host\u016fm pocit v\u00fdjime\u010dnosti. Pivn\u00ed l\u00e1zn\u011b v Krakov\u011b se rozhodn\u011b li\u0161\u00ed od ostatn\u00edch salon\u016f tohoto typu. M\u00edsto je v\u00fdjime\u010dn\u011b intimn\u00ed a atmosf\u00e9rick\u00e9. Relaxa\u010dn\u00ed procedury jsou doprov\u00e1zeny sv\u00ed\u010dkami, klidnou hudbou a ochutn\u00e1vkou lahodn\u00fdch n\u00e1poj\u016f.    <\/p>\n\n<div class=\"wp-block-buttons is-content-justification-center is-layout-flex wp-container-core-buttons-is-layout-16018d1d wp-block-buttons-is-layout-flex\">\n<div class=\"wp-block-button\"><a class=\"wp-block-button__link wp-element-button\" href=\"https:\/\/krakow.piwnespa.com\/oferta\/kapiele\/\">Pod\u00edvejte se na nab\u00eddku<\/a><\/div>\n<\/div>\n\n<div class=\"wp-block-columns is-layout-flex wp-container-core-columns-is-layout-9d6595d7 wp-block-columns-is-layout-flex\">\n<div class=\"wp-block-column is-layout-flow wp-block-column-is-layout-flow\">\n<figure class=\"wp-block-image size-full\"><img loading=\"lazy\" decoding=\"async\" width=\"1024\" height=\"683\" src=\"https:\/\/krakow.piwnespa.com\/wp-content\/uploads\/2025\/10\/piwne-spa-krakow-zima-1024x683-1.jpg\" alt=\"\" class=\"wp-image-13760\" srcset=\"https:\/\/krakow.piwnespa.com\/wp-content\/uploads\/2025\/10\/piwne-spa-krakow-zima-1024x683-1.jpg 1024w, https:\/\/krakow.piwnespa.com\/wp-content\/uploads\/2025\/10\/piwne-spa-krakow-zima-1024x683-1-300x200.jpg 300w, https:\/\/krakow.piwnespa.com\/wp-content\/uploads\/2025\/10\/piwne-spa-krakow-zima-1024x683-1-768x512.jpg 768w, https:\/\/krakow.piwnespa.com\/wp-content\/uploads\/2025\/10\/piwne-spa-krakow-zima-1024x683-1-600x400.jpg 600w\" sizes=\"auto, (max-width: 1024px) 100vw, 1024px\" \/><\/figure>\n<\/div>\n\n\n\n<div class=\"wp-block-column is-layout-flow wp-block-column-is-layout-flow\">\n<figure class=\"wp-block-image size-full\"><img loading=\"lazy\" decoding=\"async\" width=\"1024\" height=\"683\" src=\"https:\/\/krakow.piwnespa.com\/wp-content\/uploads\/2025\/10\/co-robic-w-krakowie-zima-1024x683-1.jpg\" alt=\"\" class=\"wp-image-13771\" srcset=\"https:\/\/krakow.piwnespa.com\/wp-content\/uploads\/2025\/10\/co-robic-w-krakowie-zima-1024x683-1.jpg 1024w, https:\/\/krakow.piwnespa.com\/wp-content\/uploads\/2025\/10\/co-robic-w-krakowie-zima-1024x683-1-300x200.jpg 300w, https:\/\/krakow.piwnespa.com\/wp-content\/uploads\/2025\/10\/co-robic-w-krakowie-zima-1024x683-1-768x512.jpg 768w, https:\/\/krakow.piwnespa.com\/wp-content\/uploads\/2025\/10\/co-robic-w-krakowie-zima-1024x683-1-600x400.jpg 600w\" sizes=\"auto, (max-width: 1024px) 100vw, 1024px\" \/><\/figure>\n<\/div>\n<\/div>\n\n<h2 class=\"wp-block-heading\">H\u0159ejiv\u00e9 koupele s ochutn\u00e1vkou a relaxac\u00ed na sl\u00e1m\u011b<\/h2>\n\n<p>Jednou z nejp\u0159\u00edjemn\u011bj\u0161\u00edch zimn\u00edch aktivit je zah\u0159\u00e1t se a bla\u017een\u011b relaxovat po chladn\u00e9m dni. Ide\u00e1ln\u00edm m\u00edstem pro to jsou Pivn\u00ed l\u00e1zn\u011b. Za\u0159\u00edzen\u00ed nab\u00edz\u00ed celou \u0159adu hork\u00fdch relaxa\u010dn\u00edch koupel\u00ed. Podle n\u00e1lady nebo p\u0159\u00edle\u017eitosti si m\u016f\u017eete vybrat pivn\u00ed, vinnou nebo ml\u00e9\u010dnou koupel. <strong>Koupele uvol\u0148uj\u00ed t\u011blo i mysl, hydratuj\u00ed a vy\u017eivuj\u00ed poko\u017eku a dod\u00e1vaj\u00ed j\u00ed \u0159adu vitam\u00edn\u016f.<\/strong> B\u011bhem procedury nav\u00edc prob\u00edh\u00e1 ochutn\u00e1vka vybran\u00e9ho n\u00e1poje &#8211; piva, v\u00edna nebo \u0161ampa\u0148sk\u00e9ho. A po koupeli nab\u00edz\u00ed l\u00e1zn\u011b idylick\u00fd odpo\u010dinek na slam\u011bn\u00e9m l\u016f\u017eku. Jedn\u00e1 se o speci\u00e1ln\u00ed proceduru, kter\u00e1 p\u0159in\u00e1\u0161\u00ed pocit hlubok\u00e9 relaxace a uvoln\u011bn\u00ed.      <\/p>\n\n<h2 class=\"wp-block-heading\">Zimn\u00ed a romantick\u00e1 atrakce pro p\u00e1ry v centru Krakova<\/h2>\n\n<p>Pivn\u00ed l\u00e1zn\u011b v Krakov\u011b nej\u010dast\u011bji vyu\u017e\u00edvaj\u00ed p\u00e1ry. Rezervace l\u00e1zn\u00ed na rande je t\u00e9m\u011b\u0159 na denn\u00edm po\u0159\u00e1dku. L\u00e1zn\u011b nab\u00edzej\u00ed standardn\u00ed pivn\u00ed a vinn\u00e9 koupele, ale tak\u00e9 jedine\u010dn\u00e9 VIP bal\u00ed\u010dky a romantick\u00e9 koupele. <g id=\"gid_0\">Posledn\u00ed jmenovan\u00e1 p\u0159edstavuje koupel s koz\u00edm ml\u00e9kem, mu\u010denkov\u00fdm olejem a okv\u011btn\u00edmi l\u00edstky r\u016f\u017e\u00ed spojenou s ochutn\u00e1vkou Prosecca a lahodn\u00e9 \u010dokol\u00e1dy.<\/g> To je ide\u00e1ln\u00ed pro zvl\u00e1\u0161tn\u00ed p\u0159\u00edle\u017eitosti, jako jsou <a href=\"https:\/\/krakow.piwnespa.com\/romantyczne-miejsca-w-krakowie-na-zareczyny\/\">z\u00e1snuby nebo<\/a> <a href=\"https:\/\/krakow.piwnespa.com\/rocznica-slubu-w-krakowie\/\">v\u00fdro\u010d\u00ed svatby.<\/a>   <\/p>\n\n<div class=\"wp-block-buttons is-content-justification-center is-layout-flex wp-container-core-buttons-is-layout-16018d1d wp-block-buttons-is-layout-flex\">\n<div class=\"wp-block-button\"><a class=\"wp-block-button__link wp-element-button\" href=\"https:\/\/krakow.piwnespa.com\/oferta\/kapiele\/kapiel-romantyczna\/\">Rezervujte si romantickou koupel<\/a><\/div>\n<\/div>\n\n<div class=\"wp-block-columns is-layout-flex wp-container-core-columns-is-layout-9d6595d7 wp-block-columns-is-layout-flex\">\n<div class=\"wp-block-column is-layout-flow wp-block-column-is-layout-flow\">\n<figure class=\"wp-block-image size-full\"><img loading=\"lazy\" decoding=\"async\" width=\"704\" height=\"1024\" src=\"https:\/\/krakow.piwnespa.com\/wp-content\/uploads\/2025\/10\/zima-w-piwym-spa-w-krakowie-704x1024-1.jpg\" alt=\"\" class=\"wp-image-13782\" srcset=\"https:\/\/krakow.piwnespa.com\/wp-content\/uploads\/2025\/10\/zima-w-piwym-spa-w-krakowie-704x1024-1.jpg 704w, https:\/\/krakow.piwnespa.com\/wp-content\/uploads\/2025\/10\/zima-w-piwym-spa-w-krakowie-704x1024-1-206x300.jpg 206w, https:\/\/krakow.piwnespa.com\/wp-content\/uploads\/2025\/10\/zima-w-piwym-spa-w-krakowie-704x1024-1-600x873.jpg 600w\" sizes=\"auto, (max-width: 704px) 100vw, 704px\" \/><\/figure>\n<\/div>\n\n\n\n<div class=\"wp-block-column is-layout-flow wp-block-column-is-layout-flow\">\n<figure class=\"wp-block-image size-full\"><img loading=\"lazy\" decoding=\"async\" width=\"703\" height=\"1024\" src=\"https:\/\/krakow.piwnespa.com\/wp-content\/uploads\/2025\/10\/zimowy-relaks-z-przyjaciolmi-w-piwnym-spa-703x1024-1.jpg\" alt=\"\" class=\"wp-image-13793\" srcset=\"https:\/\/krakow.piwnespa.com\/wp-content\/uploads\/2025\/10\/zimowy-relaks-z-przyjaciolmi-w-piwnym-spa-703x1024-1.jpg 703w, https:\/\/krakow.piwnespa.com\/wp-content\/uploads\/2025\/10\/zimowy-relaks-z-przyjaciolmi-w-piwnym-spa-703x1024-1-206x300.jpg 206w, https:\/\/krakow.piwnespa.com\/wp-content\/uploads\/2025\/10\/zimowy-relaks-z-przyjaciolmi-w-piwnym-spa-703x1024-1-600x874.jpg 600w\" sizes=\"auto, (max-width: 703px) 100vw, 703px\" \/><\/figure>\n<\/div>\n<\/div>\n\n<h2 class=\"wp-block-heading\">Origin\u00e1ln\u00ed n\u00e1pad, jak str\u00e1vit zimn\u00ed ve\u010der s p\u0159\u00e1teli<\/h2>\n\n<p>Pokud nev\u00edte, co d\u011blat v zim\u011b v Krakov\u011b s partou p\u0159\u00e1tel, Pivn\u00ed l\u00e1zn\u011b v\u00e1m porad\u00ed. M\u016f\u017eete zde uspo\u0159\u00e1dat exkluzivn\u00ed skupinovou akci a\u017e pro 16 osob. Pobyt v l\u00e1zn\u00edch je skv\u011bl\u00fdm n\u00e1padem, jak str\u00e1vit \u010das s p\u0159\u00e1teli a spojit relaxaci a z\u00e1bavu u p\u016fllitru lahodn\u00e9ho kraftov\u00e9ho piva nebo v\u00fdborn\u00e9ho \u010derven\u00e9ho v\u00edna. Je to tak\u00e9 skv\u011bl\u00e9 m\u00edsto pro uspo\u0159\u00e1d\u00e1n\u00ed komorn\u00ed narozeninov\u00e9 oslavy nebo oslavy jin\u00e9 p\u0159\u00edle\u017eitosti s bl\u00edzk\u00fdmi.   <\/p>\n\n<p>Rezervujte si l\u00e1zn\u011b ji\u017e nyn\u00ed, po\u010det voln\u00fdch term\u00edn\u016f je omezen.<\/p>\n\n<div class=\"wp-block-buttons is-content-justification-center is-layout-flex wp-container-core-buttons-is-layout-16018d1d wp-block-buttons-is-layout-flex\">\n<div class=\"wp-block-button\"><a class=\"wp-block-button__link wp-element-button\" href=\"https:\/\/krakow.piwnespa.com\/dla-grup\">Pod\u00edvejte se na nab\u00eddku pro skupiny<\/a><\/div>\n<\/div>\n","protected":false},"excerpt":{"rendered":"<p>Krakov nab\u00edz\u00ed v zim\u011b nep\u0159ebern\u00e9 mno\u017estv\u00ed atrakc\u00ed. Podle sv\u00fdch preferenc\u00ed si m\u016f\u017eete napl\u00e1novat velmi aktivn\u00ed den nebo si dop\u0159\u00e1t klidn\u00fd \u010das pln\u00fd odpo\u010dinku. Krakov je bezpochyby velmi atmosf\u00e9rick\u00e9 m\u011bsto, tak\u017ee stoj\u00ed za to poznat jeho kouzlo i v zimn\u00edch dnech. Krakov v zim\u011b &#8211; co d\u011blat p\u0159es den a ve\u010der? V Krakov\u011b se rozhodn\u011b nem\u016f\u017eete [&hellip;]<\/p>\n","protected":false},"author":257,"featured_media":13717,"comment_status":"open","ping_status":"open","sticky":false,"template":"","format":"standard","meta":{"_acf_changed":false,"footnotes":""},"categories":[210],"tags":[],"class_list":["post-15668","post","type-post","status-publish","format-standard","has-post-thumbnail","hentry","category-nezarazene"],"acf":[],"_links":{"self":[{"href":"https:\/\/krakow.piwnespa.com\/cs\/wp-json\/wp\/v2\/posts\/15668","targetHints":{"allow":["GET"]}}],"collection":[{"href":"https:\/\/krakow.piwnespa.com\/cs\/wp-json\/wp\/v2\/posts"}],"about":[{"href":"https:\/\/krakow.piwnespa.com\/cs\/wp-json\/wp\/v2\/types\/post"}],"author":[{"embeddable":true,"href":"https:\/\/krakow.piwnespa.com\/cs\/wp-json\/wp\/v2\/users\/257"}],"replies":[{"embeddable":true,"href":"https:\/\/krakow.piwnespa.com\/cs\/wp-json\/wp\/v2\/comments?post=15668"}],"version-history":[{"count":1,"href":"https:\/\/krakow.piwnespa.com\/cs\/wp-json\/wp\/v2\/posts\/15668\/revisions"}],"predecessor-version":[{"id":15671,"href":"https:\/\/krakow.piwnespa.com\/cs\/wp-json\/wp\/v2\/posts\/15668\/revisions\/15671"}],"wp:featuredmedia":[{"embeddable":true,"href":"https:\/\/krakow.piwnespa.com\/cs\/wp-json\/wp\/v2\/media\/13717"}],"wp:attachment":[{"href":"https:\/\/krakow.piwnespa.com\/cs\/wp-json\/wp\/v2\/media?parent=15668"}],"wp:term":[{"taxonomy":"category","embeddable":true,"href":"https:\/\/krakow.piwnespa.com\/cs\/wp-json\/wp\/v2\/categories?post=15668"},{"taxonomy":"post_tag","embeddable":true,"href":"https:\/\/krakow.piwnespa.com\/cs\/wp-json\/wp\/v2\/tags?post=15668"}],"curies":[{"name":"wp","href":"https:\/\/api.w.org\/{rel}","templated":true}]}}