{"id":15648,"date":"2023-10-06T11:44:28","date_gmt":"2023-10-06T09:44:28","guid":{"rendered":"https:\/\/krakow.piwnespa.com\/vyroci-svatby-v-krakove\/"},"modified":"2025-11-04T14:16:24","modified_gmt":"2025-11-04T13:16:24","slug":"vyroci-svatby-v-krakove","status":"publish","type":"post","link":"https:\/\/krakow.piwnespa.com\/cs\/vyroci-svatby-v-krakove\/","title":{"rendered":"V\u00fdro\u010d\u00ed svatby v Krakov\u011b"},"content":{"rendered":"\n<p><strong>Prvn\u00ed, des\u00e1t\u00e9 nebo dvac\u00e1t\u00e9, bez ohledu na to, kter\u00e9, ka\u017ed\u00e9 v\u00fdro\u010d\u00ed svatby si zaslou\u017e\u00ed malou oslavu. P\u0159em\u00fd\u0161l\u00edte, kam vz\u00edt svou \u017eenu\/man\u017eela na v\u00fdro\u010d\u00ed svatby v Krakov\u011b? Origin\u00e1ln\u00edm n\u00e1padem, jak str\u00e1vit v\u00fdro\u010d\u00ed svatby, je n\u00e1v\u0161t\u011bva Pivn\u00edch l\u00e1zn\u00ed v Krakov\u011b. Je to kouzeln\u00e9 m\u00edsto. Zde si opravdu odpo\u010dinete a budete p\u00edt lahodn\u00e9 n\u00e1poje.    <\/strong><\/p>\n\n<div class=\"wp-block-columns is-layout-flex wp-container-core-columns-is-layout-9d6595d7 wp-block-columns-is-layout-flex\">\n<div class=\"wp-block-column is-layout-flow wp-block-column-is-layout-flow\">\n<figure class=\"wp-block-image size-full\"><img loading=\"lazy\" decoding=\"async\" width=\"1024\" height=\"682\" src=\"https:\/\/krakow.piwnespa.com\/wp-content\/uploads\/2025\/10\/rocznica-slubu-krakow-2-1024x682-1.jpg\" alt=\"\" class=\"wp-image-13648\" srcset=\"https:\/\/krakow.piwnespa.com\/wp-content\/uploads\/2025\/10\/rocznica-slubu-krakow-2-1024x682-1.jpg 1024w, https:\/\/krakow.piwnespa.com\/wp-content\/uploads\/2025\/10\/rocznica-slubu-krakow-2-1024x682-1-300x200.jpg 300w, https:\/\/krakow.piwnespa.com\/wp-content\/uploads\/2025\/10\/rocznica-slubu-krakow-2-1024x682-1-768x512.jpg 768w, https:\/\/krakow.piwnespa.com\/wp-content\/uploads\/2025\/10\/rocznica-slubu-krakow-2-1024x682-1-600x400.jpg 600w\" sizes=\"auto, (max-width: 1024px) 100vw, 1024px\" \/><\/figure>\n<\/div>\n\n\n\n<div class=\"wp-block-column is-layout-flow wp-block-column-is-layout-flow\">\n<figure class=\"wp-block-image size-full\"><img loading=\"lazy\" decoding=\"async\" width=\"1024\" height=\"683\" src=\"https:\/\/krakow.piwnespa.com\/wp-content\/uploads\/2025\/10\/rocznica-slubu-krakow-1-1-1024x683-1.jpg\" alt=\"\" class=\"wp-image-13659\" srcset=\"https:\/\/krakow.piwnespa.com\/wp-content\/uploads\/2025\/10\/rocznica-slubu-krakow-1-1-1024x683-1.jpg 1024w, https:\/\/krakow.piwnespa.com\/wp-content\/uploads\/2025\/10\/rocznica-slubu-krakow-1-1-1024x683-1-300x200.jpg 300w, https:\/\/krakow.piwnespa.com\/wp-content\/uploads\/2025\/10\/rocznica-slubu-krakow-1-1-1024x683-1-768x512.jpg 768w, https:\/\/krakow.piwnespa.com\/wp-content\/uploads\/2025\/10\/rocznica-slubu-krakow-1-1-1024x683-1-600x400.jpg 600w\" sizes=\"auto, (max-width: 1024px) 100vw, 1024px\" \/><\/figure>\n<\/div>\n<\/div>\n\n<h2 class=\"wp-block-heading\">V\u00fdro\u010d\u00ed svatby v Pivn\u00edch l\u00e1zn\u00edch v Krakov\u011b<\/h2>\n\n<p>Pivn\u00ed l\u00e1zn\u011b Beernarium v Krakov\u011b jsou neobvykl\u00fdm m\u00edstem, proto\u017ee se nach\u00e1zej\u00ed v sam\u00e9m centru m\u011bsta, nedaleko hlavn\u00edho n\u00e1m\u011bst\u00ed. P\u0159esto sem ruch m\u011bsta nedosahuje. Beernarium se nach\u00e1z\u00ed v suter\u00e9nu <a href=\"https:\/\/pl.wikipedia.org\/wiki\/Pa%C5%82ac_Kmit%C3%B3w_w_Krakowie\" target=\"_blank\" rel=\"noopener\">budovy ze 14. stolet\u00ed,<\/a> co\u017e dod\u00e1v\u00e1 m\u00edstu jedine\u010dn\u00e9 kouzlo. <strong>Panuje zde klidn\u00e1 atmosf\u00e9ra ide\u00e1ln\u00ed pro oslavu v\u00fdznamn\u00fdch ud\u00e1lost\u00ed, jako je nap\u0159\u00edklad v\u00fdro\u010d\u00ed svatby.<\/strong>  <\/p>\n\n<p>Procedury v Pivn\u00edch l\u00e1zn\u00edch v Krakov\u011b se prov\u00e1d\u011bj\u00ed v intimn\u00edch van\u00e1ch vyhrazen\u00fdch v\u00fdhradn\u011b pro dvojici, co\u017e navozuje pocit intimity a umoc\u0148uje bla\u017eenou relaxaci. Nab\u00eddka l\u00e1zn\u00ed je jedine\u010dn\u00e1. Pouze zde si m\u016f\u017eete dop\u0159\u00e1t relaxa\u010dn\u00ed a vy\u017eivuj\u00edc\u00ed procedury spojen\u00e9 s ochutn\u00e1vkou lahodn\u00fdch n\u00e1poj\u016f. Proto je n\u00e1v\u0161t\u011bva Beernaria skv\u011bl\u00fdm d\u00e1rkem ke ka\u017ed\u00e9mu v\u00fdro\u010d\u00ed svatby. Pivn\u00ed l\u00e1zn\u011b si obl\u00edbili jak mlad\u00ed, tak i o n\u011bco star\u0161\u00ed lid\u00e9. V\u0161ichni maj\u00ed jedno spole\u010dn\u00e9 &#8211; touhu po klidn\u00e9m, idylick\u00e9m odpo\u010dinku a chv\u00edl\u00edch str\u00e1ven\u00fdch jen ve dvou.     <\/p>\n\n<div class=\"wp-block-buttons is-content-justification-center is-layout-flex wp-container-core-buttons-is-layout-16018d1d wp-block-buttons-is-layout-flex\">\n<div class=\"wp-block-button\"><a class=\"wp-block-button__link wp-element-button\" href=\"https:\/\/krakow.piwnespa.com\/oferta\/kapiele\/\">Prohl\u00e9dn\u011bte si nab\u00eddku l\u00e1zn\u00ed<\/a><\/div>\n<\/div>\n\n<div class=\"wp-block-columns is-layout-flex wp-container-core-columns-is-layout-9d6595d7 wp-block-columns-is-layout-flex\">\n<div class=\"wp-block-column is-layout-flow wp-block-column-is-layout-flow\">\n<figure class=\"wp-block-image size-full\"><img loading=\"lazy\" decoding=\"async\" width=\"1024\" height=\"683\" src=\"https:\/\/krakow.piwnespa.com\/wp-content\/uploads\/2025\/10\/spa-rocznica-slubu-krakow-2-1024x683-1.jpg\" alt=\"\" class=\"wp-image-13670\" srcset=\"https:\/\/krakow.piwnespa.com\/wp-content\/uploads\/2025\/10\/spa-rocznica-slubu-krakow-2-1024x683-1.jpg 1024w, https:\/\/krakow.piwnespa.com\/wp-content\/uploads\/2025\/10\/spa-rocznica-slubu-krakow-2-1024x683-1-300x200.jpg 300w, https:\/\/krakow.piwnespa.com\/wp-content\/uploads\/2025\/10\/spa-rocznica-slubu-krakow-2-1024x683-1-768x512.jpg 768w, https:\/\/krakow.piwnespa.com\/wp-content\/uploads\/2025\/10\/spa-rocznica-slubu-krakow-2-1024x683-1-600x400.jpg 600w\" sizes=\"auto, (max-width: 1024px) 100vw, 1024px\" \/><\/figure>\n<\/div>\n\n\n\n<div class=\"wp-block-column is-layout-flow wp-block-column-is-layout-flow\">\n<figure class=\"wp-block-image size-full\"><img loading=\"lazy\" decoding=\"async\" width=\"1024\" height=\"683\" src=\"https:\/\/krakow.piwnespa.com\/wp-content\/uploads\/2025\/10\/spa-rocznica-slubu-krakow-1-1024x683-1.jpg\" alt=\"\" class=\"wp-image-13681\" srcset=\"https:\/\/krakow.piwnespa.com\/wp-content\/uploads\/2025\/10\/spa-rocznica-slubu-krakow-1-1024x683-1.jpg 1024w, https:\/\/krakow.piwnespa.com\/wp-content\/uploads\/2025\/10\/spa-rocznica-slubu-krakow-1-1024x683-1-300x200.jpg 300w, https:\/\/krakow.piwnespa.com\/wp-content\/uploads\/2025\/10\/spa-rocznica-slubu-krakow-1-1024x683-1-768x512.jpg 768w, https:\/\/krakow.piwnespa.com\/wp-content\/uploads\/2025\/10\/spa-rocznica-slubu-krakow-1-1024x683-1-600x400.jpg 600w\" sizes=\"auto, (max-width: 1024px) 100vw, 1024px\" \/><\/figure>\n<\/div>\n<\/div>\n\n<h2 class=\"wp-block-heading\">Jedine\u010dn\u00e9 procedury na oslavu v\u00fdro\u010d\u00ed svatby<\/h2>\n\n<p>Nab\u00eddka Pivn\u00edch l\u00e1zn\u00ed v Krakov\u011b je pestr\u00e1 a ka\u017ed\u00fd si v n\u00ed najde to sv\u00e9. <strong>Pro oslavu v\u00fdro\u010d\u00ed svatby doporu\u010dujeme VIP l\u00e1zn\u011b.<\/strong> Procedura za\u010d\u00edn\u00e1 pobytem v infra\u010derven\u00e9 saun\u011b, kter\u00e1 m\u00e1 za \u00fakol roz\u0161\u00ed\u0159it p\u00f3ry, aby se vitam\u00edny obsa\u017een\u00e9 v koupeli l\u00e9pe vst\u0159ebaly do poko\u017eky. Dal\u0161\u00ed f\u00e1z\u00ed je hodina v pivn\u00ed l\u00e1zni. Tam na v\u00e1s bude \u010dekat sud v\u00e1mi vybran\u00e9 l\u00e1zn\u011b a neomezen\u00e1 ochutn\u00e1vka lahodn\u00e9ho n\u00e1poje:   <\/p>\n\n<ul class=\"wp-block-list\">\n<li>pivn\u00ed l\u00e1ze\u0148 s ochutn\u00e1vkou piva<\/li>\n\n\n\n<li>vinn\u00e1 l\u00e1ze\u0148 s ochutn\u00e1vkou v\u00edna<\/li>\n\n\n\n<li>ml\u00e9\u010dn\u00e1 koupel s ochutn\u00e1vkou piva nebo v\u00edna<\/li>\n<\/ul>\n\n<p>Koupele jsou vynikaj\u00edc\u00ed pro v\u00fd\u017eivu t\u011bla a poko\u017eky. Je hydratovan\u00e1, jemn\u00e1 a z\u00e1\u0159iv\u00e1. Na z\u00e1v\u011br, po p\u0159ibli\u017en\u011b 30minutov\u00e9 koupeli, doporu\u010dujeme relaxovat na neobvykl\u00e9m l\u016f\u017eku vystlan\u00e9m ovesnou sl\u00e1mou, proto\u017ee toto le\u017een\u00ed posiluje regeneraci t\u011bla. Celkov\u011b bude sezen\u00ed v Pivn\u00edch l\u00e1zn\u00edch ide\u00e1ln\u00edm d\u00e1rkem k p\u0159\u00edle\u017eitosti, jako je v\u00fdro\u010d\u00ed svatby v Krakov\u011b. <strong>Term\u00edn si tedy m\u016f\u017eete rezervovat online ihned a p\u0159ekvapit tak svou man\u017eelku\/man\u017eela nebo si zakoupit poukaz s platnost\u00ed na jeden rok.<\/strong>   <\/p>\n\n<div class=\"wp-block-buttons is-content-justification-center is-layout-flex wp-container-core-buttons-is-layout-16018d1d wp-block-buttons-is-layout-flex\">\n<div class=\"wp-block-button\"><a class=\"wp-block-button__link wp-element-button\" href=\"https:\/\/krakow.piwnespa.com\/oferta\/kapiele\/kapiel-vip\">Rezervujte si VIP koupel<\/a><\/div>\n<\/div>\n\n<div class=\"wp-block-columns is-layout-flex wp-container-core-columns-is-layout-9d6595d7 wp-block-columns-is-layout-flex\">\n<div class=\"wp-block-column is-layout-flow wp-block-column-is-layout-flow\">\n<figure class=\"wp-block-image size-full\"><img loading=\"lazy\" decoding=\"async\" width=\"682\" height=\"1024\" src=\"https:\/\/krakow.piwnespa.com\/wp-content\/uploads\/2025\/10\/rocznica-slubu-krakow-3-682x1024-1.jpg\" alt=\"\" class=\"wp-image-13692\" srcset=\"https:\/\/krakow.piwnespa.com\/wp-content\/uploads\/2025\/10\/rocznica-slubu-krakow-3-682x1024-1.jpg 682w, https:\/\/krakow.piwnespa.com\/wp-content\/uploads\/2025\/10\/rocznica-slubu-krakow-3-682x1024-1-200x300.jpg 200w, https:\/\/krakow.piwnespa.com\/wp-content\/uploads\/2025\/10\/rocznica-slubu-krakow-3-682x1024-1-600x901.jpg 600w\" sizes=\"auto, (max-width: 682px) 100vw, 682px\" \/><\/figure>\n<\/div>\n\n\n\n<div class=\"wp-block-column is-layout-flow wp-block-column-is-layout-flow\">\n<figure class=\"wp-block-image size-full\"><img loading=\"lazy\" decoding=\"async\" width=\"683\" height=\"1024\" src=\"https:\/\/krakow.piwnespa.com\/wp-content\/uploads\/2025\/10\/rocznica-slubu-krakow-4-683x1024-1.jpg\" alt=\"\" class=\"wp-image-13703\" srcset=\"https:\/\/krakow.piwnespa.com\/wp-content\/uploads\/2025\/10\/rocznica-slubu-krakow-4-683x1024-1.jpg 683w, https:\/\/krakow.piwnespa.com\/wp-content\/uploads\/2025\/10\/rocznica-slubu-krakow-4-683x1024-1-200x300.jpg 200w, https:\/\/krakow.piwnespa.com\/wp-content\/uploads\/2025\/10\/rocznica-slubu-krakow-4-683x1024-1-600x900.jpg 600w\" sizes=\"auto, (max-width: 683px) 100vw, 683px\" \/><\/figure>\n<\/div>\n<\/div>\n\n<h2 class=\"wp-block-heading\">Romantick\u00e9 chv\u00edle ve dvou<\/h2>\n\n<p>P\u00e1r\u016fm, kter\u00e9 ocen\u00ed romantickou atmosf\u00e9ru, doporu\u010dujeme <a href=\"https:\/\/krakow.piwnespa.com\/oferta\/day-spa\/romantyczne-day-spa\/\">romantickou denn\u00ed l\u00e1ze\u0148skou proceduru<\/a> nebo romantickou koupel. Jedn\u00e1 se o bal\u00ed\u010dky vytvo\u0159en\u00e9 pro zamilovan\u00e9. V soukrom\u00e9 l\u00e1zni na v\u00e1s \u010dek\u00e1 romantick\u00e1 ml\u00e9\u010dn\u00e1 koupel posypan\u00e1 okv\u011btn\u00edmi l\u00edstky r\u016f\u017e\u00ed. Ale to nen\u00ed v\u0161e, atmosf\u00e9ru v\u00e1m oslad\u00ed prosecco a \u010dokol\u00e1da. Relaxa\u010dn\u00ed hudba a sv\u00ed\u010dky zajist\u00ed je\u0161t\u011b v\u011bt\u0161\u00ed intimitu a nezapomenuteln\u00fd z\u00e1\u017eitek. Romantick\u00fd denn\u00ed l\u00e1ze\u0148sk\u00fd bal\u00ed\u010dek je obohacen o mas\u00e1\u017e cel\u00e9ho t\u011bla, kter\u00e1 uvoln\u00ed va\u0161e svaly a zklidn\u00ed mysl.     <\/p>\n\n<p>Nezapome\u0148te oslavovat l\u00e1sku. Sta\u010d\u00ed mal\u00e1 gesta a jednou za \u010das si spole\u010dn\u011b vyj\u00edt ven, co\u017e v\u00e1s sbl\u00ed\u017e\u00ed \ud83d\ude42 Pivn\u00ed l\u00e1zn\u011b jsou m\u00edstem, kde si m\u016f\u017eete v klidu popov\u00eddat nad sklenkou v\u00edna a za\u017e\u00edt bla\u017een\u00fd odpo\u010dinek. \u00da\u017easn\u00e1 kombinace, \u017ee?  <\/p>\n","protected":false},"excerpt":{"rendered":"<p>Prvn\u00ed, des\u00e1t\u00e9 nebo dvac\u00e1t\u00e9, bez ohledu na to, kter\u00e9, ka\u017ed\u00e9 v\u00fdro\u010d\u00ed svatby si zaslou\u017e\u00ed malou oslavu. P\u0159em\u00fd\u0161l\u00edte, kam vz\u00edt svou \u017eenu\/man\u017eela na v\u00fdro\u010d\u00ed svatby v Krakov\u011b? Origin\u00e1ln\u00edm n\u00e1padem, jak str\u00e1vit v\u00fdro\u010d\u00ed svatby, je n\u00e1v\u0161t\u011bva Pivn\u00edch l\u00e1zn\u00ed v Krakov\u011b. Je to kouzeln\u00e9 m\u00edsto. Zde si opravdu odpo\u010dinete a budete p\u00edt lahodn\u00e9 n\u00e1poje. V\u00fdro\u010d\u00ed svatby v Pivn\u00edch [&hellip;]<\/p>\n","protected":false},"author":257,"featured_media":14330,"comment_status":"open","ping_status":"open","sticky":false,"template":"","format":"standard","meta":{"_acf_changed":false,"footnotes":""},"categories":[210],"tags":[],"class_list":["post-15648","post","type-post","status-publish","format-standard","has-post-thumbnail","hentry","category-nezarazene"],"acf":[],"_links":{"self":[{"href":"https:\/\/krakow.piwnespa.com\/cs\/wp-json\/wp\/v2\/posts\/15648","targetHints":{"allow":["GET"]}}],"collection":[{"href":"https:\/\/krakow.piwnespa.com\/cs\/wp-json\/wp\/v2\/posts"}],"about":[{"href":"https:\/\/krakow.piwnespa.com\/cs\/wp-json\/wp\/v2\/types\/post"}],"author":[{"embeddable":true,"href":"https:\/\/krakow.piwnespa.com\/cs\/wp-json\/wp\/v2\/users\/257"}],"replies":[{"embeddable":true,"href":"https:\/\/krakow.piwnespa.com\/cs\/wp-json\/wp\/v2\/comments?post=15648"}],"version-history":[{"count":1,"href":"https:\/\/krakow.piwnespa.com\/cs\/wp-json\/wp\/v2\/posts\/15648\/revisions"}],"predecessor-version":[{"id":15650,"href":"https:\/\/krakow.piwnespa.com\/cs\/wp-json\/wp\/v2\/posts\/15648\/revisions\/15650"}],"wp:featuredmedia":[{"embeddable":true,"href":"https:\/\/krakow.piwnespa.com\/cs\/wp-json\/wp\/v2\/media\/14330"}],"wp:attachment":[{"href":"https:\/\/krakow.piwnespa.com\/cs\/wp-json\/wp\/v2\/media?parent=15648"}],"wp:term":[{"taxonomy":"category","embeddable":true,"href":"https:\/\/krakow.piwnespa.com\/cs\/wp-json\/wp\/v2\/categories?post=15648"},{"taxonomy":"post_tag","embeddable":true,"href":"https:\/\/krakow.piwnespa.com\/cs\/wp-json\/wp\/v2\/tags?post=15648"}],"curies":[{"name":"wp","href":"https:\/\/api.w.org\/{rel}","templated":true}]}}