{"id":15494,"date":"2022-10-25T10:54:27","date_gmt":"2022-10-25T08:54:27","guid":{"rendered":"https:\/\/krakow.piwnespa.com\/romanticka-mista-pro-zasnuby-v-krakove\/"},"modified":"2025-11-04T14:15:08","modified_gmt":"2025-11-04T13:15:08","slug":"romanticka-mista-pro-zasnuby-v-krakove","status":"publish","type":"post","link":"https:\/\/krakow.piwnespa.com\/cs\/romanticka-mista-pro-zasnuby-v-krakove\/","title":{"rendered":"Romantick\u00e1 m\u00edsta pro z\u00e1snuby v Krakov\u011b"},"content":{"rendered":"\n<p><strong>Zasnouben\u00ed je kr\u00e1sn\u00fd okam\u017eik, a proto stoj\u00ed za to uspo\u0159\u00e1dat ho zvl\u00e1\u0161tn\u00edm zp\u016fsobem, vybrat romantick\u00e9 m\u00edsto a nechat se un\u00e9st sv\u00fdmi pocity. Krakov nab\u00edz\u00ed mnoho kr\u00e1sn\u00fdch scen\u00e9ri\u00ed, atmosf\u00e9rick\u00fdch restaurac\u00ed a ti nejorigin\u00e1ln\u011bj\u0161\u00ed lid\u00e9 tr\u00e1v\u00ed tyto romantick\u00e9 chv\u00edle v Pivn\u00edch l\u00e1zn\u00edch, m\u00edst\u011b, kter\u00e9 se zd\u00e1 b\u00fdt odtr\u017een\u00e9 od \u0161ed\u00e9 reality. <\/strong><\/p>\n\n<div class=\"wp-block-columns is-layout-flex wp-container-core-columns-is-layout-9d6595d7 wp-block-columns-is-layout-flex\">\n<div class=\"wp-block-column is-layout-flow wp-block-column-is-layout-flow\">\n<figure class=\"wp-block-image size-full\"><img loading=\"lazy\" decoding=\"async\" width=\"1024\" height=\"1024\" src=\"https:\/\/krakow.piwnespa.com\/wp-content\/uploads\/2025\/10\/zareczyny-w-romantycznym-krakowie-1024x1024-1.jpg\" alt=\"\" class=\"wp-image-13121\" srcset=\"https:\/\/krakow.piwnespa.com\/wp-content\/uploads\/2025\/10\/zareczyny-w-romantycznym-krakowie-1024x1024-1.jpg 1024w, https:\/\/krakow.piwnespa.com\/wp-content\/uploads\/2025\/10\/zareczyny-w-romantycznym-krakowie-1024x1024-1-300x300.jpg 300w, https:\/\/krakow.piwnespa.com\/wp-content\/uploads\/2025\/10\/zareczyny-w-romantycznym-krakowie-1024x1024-1-150x150.jpg 150w, https:\/\/krakow.piwnespa.com\/wp-content\/uploads\/2025\/10\/zareczyny-w-romantycznym-krakowie-1024x1024-1-768x768.jpg 768w, https:\/\/krakow.piwnespa.com\/wp-content\/uploads\/2025\/10\/zareczyny-w-romantycznym-krakowie-1024x1024-1-600x600.jpg 600w, https:\/\/krakow.piwnespa.com\/wp-content\/uploads\/2025\/10\/zareczyny-w-romantycznym-krakowie-1024x1024-1-100x100.jpg 100w\" sizes=\"auto, (max-width: 1024px) 100vw, 1024px\" \/><\/figure>\n<\/div>\n\n\n\n<div class=\"wp-block-column is-layout-flow wp-block-column-is-layout-flow\">\n<figure class=\"wp-block-image size-full\"><img loading=\"lazy\" decoding=\"async\" width=\"541\" height=\"541\" src=\"https:\/\/krakow.piwnespa.com\/wp-content\/uploads\/2025\/10\/zareczyny-osiadczyny-krakow.jpg\" alt=\"\" class=\"wp-image-13132\" srcset=\"https:\/\/krakow.piwnespa.com\/wp-content\/uploads\/2025\/10\/zareczyny-osiadczyny-krakow.jpg 541w, https:\/\/krakow.piwnespa.com\/wp-content\/uploads\/2025\/10\/zareczyny-osiadczyny-krakow-300x300.jpg 300w, https:\/\/krakow.piwnespa.com\/wp-content\/uploads\/2025\/10\/zareczyny-osiadczyny-krakow-150x150.jpg 150w, https:\/\/krakow.piwnespa.com\/wp-content\/uploads\/2025\/10\/zareczyny-osiadczyny-krakow-100x100.jpg 100w\" sizes=\"auto, (max-width: 541px) 100vw, 541px\" \/><\/figure>\n<\/div>\n<\/div>\n\n<h2 class=\"wp-block-heading\">Romantick\u00e1 m\u00edsta v Krakov\u011b &#8211; Kde po\u017e\u00e1dat o ruku?<\/h2>\n\n<p>Pokud chcete po\u017e\u00e1dat o ruku v p\u0159\u00edrod\u011b, dobr\u00fdm n\u00e1padem m\u016f\u017ee b\u00fdt Zakrz\u00f3wek, Kopiec Kosciuszki s kr\u00e1sn\u00fdm v\u00fdhledem na m\u011bsto nebo <a href=\"https:\/\/pl.wikipedia.org\/wiki\/Ogr%C3%B3d_Botaniczny_Uniwersytetu_Jagiello%C5%84skiego\" target=\"_blank\" rel=\"noopener\">Botanick\u00e1 zahrada s romantick\u00fdmi alejemi<\/a>. Jsou to kr\u00e1sn\u00e1 m\u00edsta a b\u011bhem dne zde m\u016f\u017eete potkat spoustu lid\u00ed, kte\u0159\u00ed va\u0161emu zasnouben\u00ed zatleskaj\u00ed. Co\u017e je na jednu stranu okouzluj\u00edc\u00ed, ale na druhou stranu ne ka\u017ed\u00fd je r\u00e1d st\u0159edem pozornosti. P\u0159i pl\u00e1nov\u00e1n\u00ed z\u00e1snub se vyplat\u00ed myslet na to, zda n\u00e1hodn\u00ed lid\u00e9, kter\u00e9 potk\u00e1te, nebudou va\u0161eho partnera obt\u011b\u017eovat a neztrat\u00ed se kouzlo okam\u017eiku.   <\/p>\n\n<p>Co t\u0159eba krakovsk\u00e9 Tr\u017en\u00ed n\u00e1m\u011bst\u00ed nebo hrad Wawel? P\u0159es den je tam ru\u0161no, a proto nen\u00ed \u00fapln\u011b vhodn\u00e9 pro romantick\u00e9 chv\u00edle, ale r\u00e1no je tam ticho, klid a kouzlo. Nebude v\u0161ak snadn\u00e9 vz\u00edt svou budouc\u00ed nev\u011bstu r\u00e1no na proch\u00e1zku, ani\u017e byste vzbudili podez\u0159en\u00ed&#8230; Dal\u0161\u00edm velmi obl\u00edben\u00fdm n\u00e1padem na z\u00e1snuby v Krakov\u011b je ve\u010de\u0159e na romantick\u00e9m m\u00edst\u011b. P\u0159edev\u0161\u00edm se vyplat\u00ed vybrat m\u00edsto, kter\u00e9 nab\u00edz\u00ed odlehl\u00e9 sezen\u00ed a stoly, pokud se nechcete o radost d\u011blit s ostatn\u00edmi hosty.   <\/p>\n\n<p><strong>Pokud chcete b\u00fdt origin\u00e1ln\u00ed a svou budouc\u00ed nev\u011bstu opravdu p\u0159ekvapit, napl\u00e1nujte si z\u00e1snuby v Pivn\u00edch l\u00e1zn\u00edch v Krakov\u011b.<\/strong> Je to velmi romantick\u00e9 a intimn\u00ed m\u00edsto, proto\u017ee zde str\u00e1v\u00edte v\u00fdjime\u010dn\u00e9 chv\u00edle jen vy dva. <\/p>\n\n<div class=\"wp-block-buttons is-content-justification-center is-layout-flex wp-container-core-buttons-is-layout-16018d1d wp-block-buttons-is-layout-flex\">\n<div class=\"wp-block-button\"><a class=\"wp-block-button__link wp-element-button\" href=\"https:\/\/krakow.piwnespa.com\/oferta\/kapiele\/kapiel-romantyczna\/\">Viz Romantick\u00e1 koupel<\/a><\/div>\n<\/div>\n\n<div class=\"wp-block-columns is-layout-flex wp-container-core-columns-is-layout-9d6595d7 wp-block-columns-is-layout-flex\">\n<div class=\"wp-block-column is-layout-flow wp-block-column-is-layout-flow\">\n<figure class=\"wp-block-image size-full\"><img loading=\"lazy\" decoding=\"async\" width=\"1024\" height=\"683\" src=\"https:\/\/krakow.piwnespa.com\/wp-content\/uploads\/2025\/10\/zareczyny-krakow-2-1024x683-1.jpg\" alt=\"\" class=\"wp-image-13143\" srcset=\"https:\/\/krakow.piwnespa.com\/wp-content\/uploads\/2025\/10\/zareczyny-krakow-2-1024x683-1.jpg 1024w, https:\/\/krakow.piwnespa.com\/wp-content\/uploads\/2025\/10\/zareczyny-krakow-2-1024x683-1-300x200.jpg 300w, https:\/\/krakow.piwnespa.com\/wp-content\/uploads\/2025\/10\/zareczyny-krakow-2-1024x683-1-768x512.jpg 768w, https:\/\/krakow.piwnespa.com\/wp-content\/uploads\/2025\/10\/zareczyny-krakow-2-1024x683-1-600x400.jpg 600w\" sizes=\"auto, (max-width: 1024px) 100vw, 1024px\" \/><\/figure>\n<\/div>\n\n\n\n<div class=\"wp-block-column is-layout-flow wp-block-column-is-layout-flow\">\n<figure class=\"wp-block-image size-full\"><img loading=\"lazy\" decoding=\"async\" width=\"1024\" height=\"683\" src=\"https:\/\/krakow.piwnespa.com\/wp-content\/uploads\/2025\/10\/zareczyny-krakow-1-1024x683-1.jpg\" alt=\"\" class=\"wp-image-13154\" srcset=\"https:\/\/krakow.piwnespa.com\/wp-content\/uploads\/2025\/10\/zareczyny-krakow-1-1024x683-1.jpg 1024w, https:\/\/krakow.piwnespa.com\/wp-content\/uploads\/2025\/10\/zareczyny-krakow-1-1024x683-1-300x200.jpg 300w, https:\/\/krakow.piwnespa.com\/wp-content\/uploads\/2025\/10\/zareczyny-krakow-1-1024x683-1-768x512.jpg 768w, https:\/\/krakow.piwnespa.com\/wp-content\/uploads\/2025\/10\/zareczyny-krakow-1-1024x683-1-600x400.jpg 600w\" sizes=\"auto, (max-width: 1024px) 100vw, 1024px\" \/><\/figure>\n<\/div>\n<\/div>\n\n<h2 class=\"wp-block-heading\">Z\u00e1snuby v Pivn\u00edch l\u00e1zn\u00edch v Krakov\u011b &#8211; Romantick\u00e1 ml\u00e9\u010dn\u00e1 koupel s okv\u011btn\u00edmi l\u00edstky r\u016f\u017e\u00ed<\/h2>\n\n<p>L\u00e1zn\u011b Piwne jsou romantick\u00e9 m\u00edsto v sam\u00e9m centru Krakova, na Floriansk\u00e9 ulici 13. L\u00e1zn\u011b se nach\u00e1zej\u00ed v suter\u00e9nu historick\u00e9ho \u010din\u017eovn\u00edho domu, kam nedos\u00e1hne denn\u00ed sv\u011btlo ani ruch velkom\u011bsta. Proto je zde ticho, klid a velk\u00e1 romantika.    <strong>Atmosf\u00e9ra v Pivn\u00edch l\u00e1zn\u00edch v Krakov\u011b je ide\u00e1ln\u00ed p\u0159edev\u0161\u00edm pro intimn\u00ed sch\u016fzku ve dvou.<\/strong><\/p>\n\n<p>Pro zasnouben\u00ed doporu\u010dujeme n\u011bco speci\u00e1ln\u00edho &#8211; <span style=\"text-decoration: underline;\"><a href=\"https:\/\/krakow.piwnespa.com\/oferta\/kapiele\/kapiel-romantyczna\/\">romantickou ml\u00e9\u010dnou koupel posypanou okv\u011btn\u00edmi l\u00edstky r\u016f\u017e\u00ed.<\/a><\/span> plovouc\u00edmi na hladin\u011b vody. Koupel je p\u0159ipravena v l\u00e1zni ur\u010den\u00e9 k relaxaci jen pro dva.   <strong>B\u011bhem koup\u00e1n\u00ed budete moci ochutnat prosecco a pot\u011b\u0161it sv\u00e9 chu\u0165ov\u00e9 bu\u0148ky sladkostmi.<\/strong><\/p>\n\n<div class=\"wp-block-buttons is-content-justification-center is-layout-flex wp-container-core-buttons-is-layout-16018d1d wp-block-buttons-is-layout-flex\">\n<div class=\"wp-block-button\"><a class=\"wp-block-button__link wp-element-button\" href=\"https:\/\/krakow.piwnespa.com\/oferta\/kapiele\/kapiel-romantyczna\/\">Rezervujte si romantickou koupel<\/a><\/div>\n<\/div>\n\n<div class=\"wp-block-columns is-layout-flex wp-container-core-columns-is-layout-9d6595d7 wp-block-columns-is-layout-flex\">\n<div class=\"wp-block-column is-layout-flow wp-block-column-is-layout-flow\">\n<figure class=\"wp-block-image size-full\"><img loading=\"lazy\" decoding=\"async\" width=\"1024\" height=\"682\" src=\"https:\/\/krakow.piwnespa.com\/wp-content\/uploads\/2025\/10\/wieczor-we-dwoje-w-krakowie-6-1024x682-1.jpg\" alt=\"\" class=\"wp-image-13165\" srcset=\"https:\/\/krakow.piwnespa.com\/wp-content\/uploads\/2025\/10\/wieczor-we-dwoje-w-krakowie-6-1024x682-1.jpg 1024w, https:\/\/krakow.piwnespa.com\/wp-content\/uploads\/2025\/10\/wieczor-we-dwoje-w-krakowie-6-1024x682-1-300x200.jpg 300w, https:\/\/krakow.piwnespa.com\/wp-content\/uploads\/2025\/10\/wieczor-we-dwoje-w-krakowie-6-1024x682-1-768x512.jpg 768w, https:\/\/krakow.piwnespa.com\/wp-content\/uploads\/2025\/10\/wieczor-we-dwoje-w-krakowie-6-1024x682-1-600x400.jpg 600w\" sizes=\"auto, (max-width: 1024px) 100vw, 1024px\" \/><\/figure>\n<\/div>\n\n\n\n<div class=\"wp-block-column is-layout-flow wp-block-column-is-layout-flow\">\n<figure class=\"wp-block-image size-full\"><img loading=\"lazy\" decoding=\"async\" width=\"1024\" height=\"683\" src=\"https:\/\/krakow.piwnespa.com\/wp-content\/uploads\/2025\/10\/romantyczne-miejsce-na-zareczyny-krakow-1-1024x683-1.jpg\" alt=\"\" class=\"wp-image-13176\" srcset=\"https:\/\/krakow.piwnespa.com\/wp-content\/uploads\/2025\/10\/romantyczne-miejsce-na-zareczyny-krakow-1-1024x683-1.jpg 1024w, https:\/\/krakow.piwnespa.com\/wp-content\/uploads\/2025\/10\/romantyczne-miejsce-na-zareczyny-krakow-1-1024x683-1-300x200.jpg 300w, https:\/\/krakow.piwnespa.com\/wp-content\/uploads\/2025\/10\/romantyczne-miejsce-na-zareczyny-krakow-1-1024x683-1-768x512.jpg 768w, https:\/\/krakow.piwnespa.com\/wp-content\/uploads\/2025\/10\/romantyczne-miejsce-na-zareczyny-krakow-1-1024x683-1-600x400.jpg 600w\" sizes=\"auto, (max-width: 1024px) 100vw, 1024px\" \/><\/figure>\n<\/div>\n<\/div>\n\n<h2 class=\"wp-block-heading\">Romantick\u00e9 denn\u00ed l\u00e1zn\u011b &#8211; z\u00e1snuby sn\u016f<\/h2>\n\n<p>Zasnouben\u00ed je v\u00fdjime\u010dn\u00e1 ud\u00e1lost, kter\u00e1 vy\u017eaduje zvl\u00e1\u0161tn\u00ed prost\u0159ed\u00ed. Pro tuto p\u0159\u00edle\u017eitost jsme p\u0159ipravili kouzeln\u00fd bal\u00ed\u010dek &#8211; <a href=\"https:\/\/krakow.piwnespa.com\/oferta\/day-spa\/romantyczne-day-spa\/\">Romantick\u00e9 denn\u00ed l\u00e1zn\u011b.<\/a> Jedn\u00e1 se o nab\u00eddku, kter\u00e1 je obzvl\u00e1\u0161t\u011b p\u0159\u00edzniv\u00e1 pro milostn\u00e1 vyzn\u00e1n\u00ed. Pozv\u011bte svou nic netu\u0161\u00edc\u00ed drahou polovi\u010dku do Pivn\u00edch l\u00e1zn\u00ed a u\u017eijte si vz\u00e1jemnou spole\u010dnost, zat\u00edmco my se postar\u00e1me o zbytek.   <\/p>\n\n<p>Sv\u00e9 l\u00e1ze\u0148sk\u00e9 dobrodru\u017estv\u00ed zah\u00e1j\u00edte proh\u0159\u00e1t\u00edm v saun\u011b. Pot\u00e9 budete pozv\u00e1ni do soukrom\u00e9, intimn\u00ed l\u00e1zn\u011b, kde si polo\u017e\u00edte nejd\u016fle\u017eit\u011bj\u0161\u00ed ot\u00e1zku ve sv\u00e9m \u017eivot\u011b&#8230; Va\u0161e prohl\u00e1\u0161en\u00ed bude doprov\u00e1zet romantick\u00e1 hudba, sv\u011btlo sv\u00ed\u010dek. Koupel v koz\u00edm ml\u00e9ce posypan\u00e1 okv\u011btn\u00edmi l\u00edstky r\u016f\u017e\u00ed a ochutn\u00e1vka Prosecca u\u010din\u00ed z tohoto dne jeden z nejromanti\u010dt\u011bj\u0161\u00edch ve va\u0161em \u017eivot\u011b. Mas\u00e1\u017e cel\u00e9ho t\u011bla zklidn\u00ed va\u0161e emoce:   <\/p>\n\n<ul class=\"wp-block-list\">\n<li><a href=\"https:\/\/krakow.piwnespa.com\/oferta\/masaze-krakow\/masaz-relaksacyjny-calosciowy\">Celostn\u00ed relaxa\u010dn\u00ed mas\u00e1\u017e<\/a><\/li>\n\n\n\n<li><a href=\"https:\/\/krakow.piwnespa.com\/oferta\/masaze-krakow\/masaz-swieca\/\">Mas\u00e1\u017e sv\u00ed\u010dkou<\/a><\/li>\n\n\n\n<li><a href=\"https:\/\/krakow.piwnespa.com\/oferta\/masaze-krakow\/zabieg-piwny-na-twarz\/\">Pivn\u00ed o\u0161et\u0159en\u00ed obli\u010deje<\/a><\/li>\n<\/ul>\n\n<p>R\u00e1di v\u00e1m pom\u016f\u017eeme zorganizovat va\u0161e anga\u017em\u00e1 v Pivn\u00edch l\u00e1zn\u00edch v Krakov\u011b. M\u016f\u017eeme v\u00e1m zahr\u00e1t p\u00edse\u0148 v\u011bnovanou tomuto t\u00e9matu, objednat kr\u00e1snou kytici rud\u00fdch r\u016f\u017e\u00ed, kterou v\u00e1m spolu s prstenem polo\u017e\u00edme do vany, nebo pokud chcete, m\u016f\u017eete se b\u011bhem procedury sami dostavit na recepci a vz\u00edt si prsten spolu s kytic\u00ed. Celkov\u011b jsme otev\u0159eni va\u0161im n\u00e1pad\u016fm a n\u00e1vrh\u016fm na nezapomenuteln\u00e9 z\u00e1snuby v Krakov\u011b.  <\/p>\n\n<div class=\"wp-block-buttons is-content-justification-center is-layout-flex wp-container-core-buttons-is-layout-16018d1d wp-block-buttons-is-layout-flex\">\n<div class=\"wp-block-button\"><a class=\"wp-block-button__link wp-element-button\" href=\"https:\/\/krakow.piwnespa.com\/zarezerwuj-teraz\/\">Objednejte si romantick\u00e9 denn\u00ed l\u00e1zn\u011b<\/a><\/div>\n<\/div>\n\n<div class=\"wp-block-columns is-layout-flex wp-container-core-columns-is-layout-9d6595d7 wp-block-columns-is-layout-flex\">\n<div class=\"wp-block-column is-layout-flow wp-block-column-is-layout-flow\">\n<figure class=\"wp-block-image size-full\"><img loading=\"lazy\" decoding=\"async\" width=\"997\" height=\"748\" src=\"https:\/\/krakow.piwnespa.com\/wp-content\/uploads\/2025\/10\/zareczyny-piwne-spa.jpeg\" alt=\"\" class=\"wp-image-13187\" srcset=\"https:\/\/krakow.piwnespa.com\/wp-content\/uploads\/2025\/10\/zareczyny-piwne-spa.jpeg 997w, https:\/\/krakow.piwnespa.com\/wp-content\/uploads\/2025\/10\/zareczyny-piwne-spa-300x225.jpeg 300w, https:\/\/krakow.piwnespa.com\/wp-content\/uploads\/2025\/10\/zareczyny-piwne-spa-768x576.jpeg 768w, https:\/\/krakow.piwnespa.com\/wp-content\/uploads\/2025\/10\/zareczyny-piwne-spa-600x450.jpeg 600w\" sizes=\"auto, (max-width: 997px) 100vw, 997px\" \/><\/figure>\n<\/div>\n\n\n\n<div class=\"wp-block-column is-layout-flow wp-block-column-is-layout-flow\">\n<figure class=\"wp-block-image size-full\"><img loading=\"lazy\" decoding=\"async\" width=\"997\" height=\"748\" src=\"https:\/\/krakow.piwnespa.com\/wp-content\/uploads\/2025\/10\/zareczyny-piwne-spa-krakow.jpg\" alt=\"\" class=\"wp-image-13198\" srcset=\"https:\/\/krakow.piwnespa.com\/wp-content\/uploads\/2025\/10\/zareczyny-piwne-spa-krakow.jpg 997w, https:\/\/krakow.piwnespa.com\/wp-content\/uploads\/2025\/10\/zareczyny-piwne-spa-krakow-300x225.jpg 300w, https:\/\/krakow.piwnespa.com\/wp-content\/uploads\/2025\/10\/zareczyny-piwne-spa-krakow-768x576.jpg 768w, https:\/\/krakow.piwnespa.com\/wp-content\/uploads\/2025\/10\/zareczyny-piwne-spa-krakow-600x450.jpg 600w\" sizes=\"auto, (max-width: 997px) 100vw, 997px\" \/><\/figure>\n<\/div>\n<\/div>\n\n<div class=\"wp-block-columns is-layout-flex wp-container-core-columns-is-layout-9d6595d7 wp-block-columns-is-layout-flex\">\n<div class=\"wp-block-column is-layout-flow wp-block-column-is-layout-flow\">\n<figure class=\"wp-block-image size-full\"><img loading=\"lazy\" decoding=\"async\" width=\"828\" height=\"828\" src=\"https:\/\/krakow.piwnespa.com\/wp-content\/uploads\/2025\/10\/oswiadczyny-krakow.jpg\" alt=\"\" class=\"wp-image-13209\" srcset=\"https:\/\/krakow.piwnespa.com\/wp-content\/uploads\/2025\/10\/oswiadczyny-krakow.jpg 828w, https:\/\/krakow.piwnespa.com\/wp-content\/uploads\/2025\/10\/oswiadczyny-krakow-300x300.jpg 300w, https:\/\/krakow.piwnespa.com\/wp-content\/uploads\/2025\/10\/oswiadczyny-krakow-150x150.jpg 150w, https:\/\/krakow.piwnespa.com\/wp-content\/uploads\/2025\/10\/oswiadczyny-krakow-768x768.jpg 768w, https:\/\/krakow.piwnespa.com\/wp-content\/uploads\/2025\/10\/oswiadczyny-krakow-600x600.jpg 600w, https:\/\/krakow.piwnespa.com\/wp-content\/uploads\/2025\/10\/oswiadczyny-krakow-100x100.jpg 100w\" sizes=\"auto, (max-width: 828px) 100vw, 828px\" \/><\/figure>\n<\/div>\n\n\n\n<div class=\"wp-block-column is-layout-flow wp-block-column-is-layout-flow\">\n<figure class=\"wp-block-image size-full\"><img loading=\"lazy\" decoding=\"async\" width=\"768\" height=\"768\" src=\"https:\/\/krakow.piwnespa.com\/wp-content\/uploads\/2025\/10\/330144963_2466976690124266_7833551748329710895_n.jpg\" alt=\"\" class=\"wp-image-13220\" srcset=\"https:\/\/krakow.piwnespa.com\/wp-content\/uploads\/2025\/10\/330144963_2466976690124266_7833551748329710895_n.jpg 768w, https:\/\/krakow.piwnespa.com\/wp-content\/uploads\/2025\/10\/330144963_2466976690124266_7833551748329710895_n-300x300.jpg 300w, https:\/\/krakow.piwnespa.com\/wp-content\/uploads\/2025\/10\/330144963_2466976690124266_7833551748329710895_n-150x150.jpg 150w, https:\/\/krakow.piwnespa.com\/wp-content\/uploads\/2025\/10\/330144963_2466976690124266_7833551748329710895_n-600x600.jpg 600w, https:\/\/krakow.piwnespa.com\/wp-content\/uploads\/2025\/10\/330144963_2466976690124266_7833551748329710895_n-100x100.jpg 100w\" sizes=\"auto, (max-width: 768px) 100vw, 768px\" \/><\/figure>\n<\/div>\n\n\n\n<div class=\"wp-block-column is-layout-flow wp-block-column-is-layout-flow\">\n<figure class=\"wp-block-image size-full\"><img loading=\"lazy\" decoding=\"async\" width=\"768\" height=\"768\" src=\"https:\/\/krakow.piwnespa.com\/wp-content\/uploads\/2025\/10\/romnatycznie-krk2.jpeg\" alt=\"\" class=\"wp-image-13231\" srcset=\"https:\/\/krakow.piwnespa.com\/wp-content\/uploads\/2025\/10\/romnatycznie-krk2.jpeg 768w, https:\/\/krakow.piwnespa.com\/wp-content\/uploads\/2025\/10\/romnatycznie-krk2-300x300.jpeg 300w, https:\/\/krakow.piwnespa.com\/wp-content\/uploads\/2025\/10\/romnatycznie-krk2-150x150.jpeg 150w, https:\/\/krakow.piwnespa.com\/wp-content\/uploads\/2025\/10\/romnatycznie-krk2-600x600.jpeg 600w, https:\/\/krakow.piwnespa.com\/wp-content\/uploads\/2025\/10\/romnatycznie-krk2-100x100.jpeg 100w\" sizes=\"auto, (max-width: 768px) 100vw, 768px\" \/><\/figure>\n<\/div>\n<\/div>\n","protected":false},"excerpt":{"rendered":"<p>Zasnouben\u00ed je kr\u00e1sn\u00fd okam\u017eik, a proto stoj\u00ed za to uspo\u0159\u00e1dat ho zvl\u00e1\u0161tn\u00edm zp\u016fsobem, vybrat romantick\u00e9 m\u00edsto a nechat se un\u00e9st sv\u00fdmi pocity. Krakov nab\u00edz\u00ed mnoho kr\u00e1sn\u00fdch scen\u00e9ri\u00ed, atmosf\u00e9rick\u00fdch restaurac\u00ed a ti nejorigin\u00e1ln\u011bj\u0161\u00ed lid\u00e9 tr\u00e1v\u00ed tyto romantick\u00e9 chv\u00edle v Pivn\u00edch l\u00e1zn\u00edch, m\u00edst\u011b, kter\u00e9 se zd\u00e1 b\u00fdt odtr\u017een\u00e9 od \u0161ed\u00e9 reality. Romantick\u00e1 m\u00edsta v Krakov\u011b &#8211; Kde [&hellip;]<\/p>\n","protected":false},"author":257,"featured_media":15167,"comment_status":"open","ping_status":"open","sticky":false,"template":"","format":"standard","meta":{"_acf_changed":false,"footnotes":""},"categories":[210],"tags":[],"class_list":["post-15494","post","type-post","status-publish","format-standard","has-post-thumbnail","hentry","category-nezarazene"],"acf":[],"_links":{"self":[{"href":"https:\/\/krakow.piwnespa.com\/cs\/wp-json\/wp\/v2\/posts\/15494","targetHints":{"allow":["GET"]}}],"collection":[{"href":"https:\/\/krakow.piwnespa.com\/cs\/wp-json\/wp\/v2\/posts"}],"about":[{"href":"https:\/\/krakow.piwnespa.com\/cs\/wp-json\/wp\/v2\/types\/post"}],"author":[{"embeddable":true,"href":"https:\/\/krakow.piwnespa.com\/cs\/wp-json\/wp\/v2\/users\/257"}],"replies":[{"embeddable":true,"href":"https:\/\/krakow.piwnespa.com\/cs\/wp-json\/wp\/v2\/comments?post=15494"}],"version-history":[{"count":1,"href":"https:\/\/krakow.piwnespa.com\/cs\/wp-json\/wp\/v2\/posts\/15494\/revisions"}],"predecessor-version":[{"id":15496,"href":"https:\/\/krakow.piwnespa.com\/cs\/wp-json\/wp\/v2\/posts\/15494\/revisions\/15496"}],"wp:featuredmedia":[{"embeddable":true,"href":"https:\/\/krakow.piwnespa.com\/cs\/wp-json\/wp\/v2\/media\/15167"}],"wp:attachment":[{"href":"https:\/\/krakow.piwnespa.com\/cs\/wp-json\/wp\/v2\/media?parent=15494"}],"wp:term":[{"taxonomy":"category","embeddable":true,"href":"https:\/\/krakow.piwnespa.com\/cs\/wp-json\/wp\/v2\/categories?post=15494"},{"taxonomy":"post_tag","embeddable":true,"href":"https:\/\/krakow.piwnespa.com\/cs\/wp-json\/wp\/v2\/tags?post=15494"}],"curies":[{"name":"wp","href":"https:\/\/api.w.org\/{rel}","templated":true}]}}